{"id":3378,"date":"2026-08-12T23:26:46","date_gmt":"2026-08-12T23:26:46","guid":{"rendered":"https:\/\/arbavegabaja.com\/?p=3378"},"modified":"2026-09-02T08:12:14","modified_gmt":"2026-09-02T08:12:14","slug":"proyectos-arba-vega-baja-fase-exploratoria","status":"publish","type":"post","link":"https:\/\/arbavegabaja.com\/en\/proyectos-arba-vega-baja-fase-exploratoria\/","title":{"rendered":"Action projects: exploratory phase"},"content":{"rendered":"<div class=\"wp-block-uagb-advanced-heading uagb-block-0fc5aa5d\"><h1 class=\"uagb-heading-text\"><strong>Action projects: exploratory phase<\/strong><\/h1><\/div>\n\n\n\n<p style=\"margin-top:var(--wp--preset--spacing--30);margin-bottom:var(--wp--preset--spacing--30);font-size:18px\">ARBA Vega Baja is launching its work in the region with a clear vision: we are not simply seeking to plant trees, but to restore the health of our land, plot by plot, on a permanent basis. In this establishment phase, we are setting out our first major founding objective: <strong>to identify areas with high potential for ecological restoration<\/strong>.<\/p>\n\n\n\n<div class=\"wp-block-uagb-image uagb-block-4b1fd3c7 wp-block-uagb-image--layout-default wp-block-uagb-image--effect-static wp-block-uagb-image--align-none\"><figure class=\"wp-block-uagb-image__figure\"><img decoding=\"async\" src=\"https:\/\/arbavegabaja.com\/wp-content\/uploads\/2026\/08\/Voluntario-paisaje-compressed-1024x576.jpg\" alt=\"\" class=\"uag-image-3683\" width=\"500\" height=\"576\" title=\"Voluntario paisaje compressed\" loading=\"lazy\" role=\"img\" \/><\/figure><\/div>\n\n\n\n<div class=\"wp-block-uagb-advanced-heading uagb-block-04ca3256\"><h2 class=\"uagb-heading-text\">What kind of areas are we looking for?<\/h2><\/div>\n\n\n\n<p style=\"margin-top:var(--wp--preset--spacing--30);margin-right:0;margin-bottom:var(--wp--preset--spacing--30);margin-left:0;font-size:18px\">Depending on the objective, we have created categories of land, for each of which we have identified examples. We\u2019d love it if you could help us find specific examples!<\/p>\n\n\n\n<div class=\"wp-block-group is-layout-grid wp-container-core-group-is-layout-69a63a00 wp-block-group-is-layout-grid\" style=\"margin-top:0;margin-bottom:0;padding-top:var(--wp--preset--spacing--20);padding-bottom:var(--wp--preset--spacing--20)\">\n<div class=\"wp-block-group has-background is-vertical is-layout-flex wp-container-core-group-is-layout-1866313d wp-block-group-is-layout-flex\" style=\"background-color:#cab6a5;margin-top:0;margin-bottom:0;padding-top:var(--wp--preset--spacing--40);padding-right:var(--wp--preset--spacing--40);padding-bottom:var(--wp--preset--spacing--40);padding-left:var(--wp--preset--spacing--40)\">\n<div class=\"wp-block-uagb-image uagb-block-fb4e9ea9 wp-block-uagb-image--layout-default wp-block-uagb-image--effect-static wp-block-uagb-image--align-none\"><figure class=\"wp-block-uagb-image__figure\"><img decoding=\"async\" src=\"https:\/\/arbavegabaja.com\/wp-content\/uploads\/2026\/08\/01-Laderas-degradadas-1.jpg\" alt=\"\" class=\"uag-image-3789\" width=\"1000\" height=\"563\" title=\"01 - Laderas degradadas\" loading=\"lazy\" role=\"img\" \/><\/figure><\/div>\n\n\n\n<div class=\"wp-block-uagb-advanced-heading uagb-block-58cfe274\"><h3 class=\"uagb-heading-text\"><strong>Degraded land and hillsides<\/strong><\/h3><\/div>\n\n\n\n<p style=\"font-size:18px\"><em><strong>Description<\/strong><\/em>: areas with scarce vegetation cover. The lack of roots and structure-giving life leads to soil loss through erosion. <\/p>\n\n\n\n<p style=\"font-size:18px\"><strong><em>Objectives<\/em><\/strong>: to curb erosion by planting native shrubs. To create \u2018living soil\u2019 and stimulate natural biological succession.<\/p>\n\n\n\n<p style=\"font-size:18px\"><em><strong>Examples<\/strong><\/em>: land plots near the Pedrera reservoir, southern slopes of Cabezo de Hurchillo and Sierra de Cristo.<\/p>\n<\/div>\n\n\n\n<div class=\"wp-block-group has-background is-vertical is-layout-flex wp-container-core-group-is-layout-1866313d wp-block-group-is-layout-flex\" style=\"background-color:#d1f1cc;margin-top:0;margin-bottom:0;padding-top:var(--wp--preset--spacing--40);padding-right:var(--wp--preset--spacing--40);padding-bottom:var(--wp--preset--spacing--40);padding-left:var(--wp--preset--spacing--40)\">\n<div class=\"wp-block-uagb-image uagb-block-fa347b05 wp-block-uagb-image--layout-default wp-block-uagb-image--effect-static wp-block-uagb-image--align-none\"><figure class=\"wp-block-uagb-image__figure\"><img decoding=\"async\" src=\"https:\/\/arbavegabaja.com\/wp-content\/uploads\/2026\/08\/02-Pinada-seca-16-9-1024x576.jpg\" alt=\"\" class=\"uag-image-3794\" width=\"1488\" height=\"837\" title=\"02 - Pinada seca 16-9\" loading=\"lazy\" role=\"img\" \/><\/figure><\/div>\n\n\n\n<div class=\"wp-block-uagb-advanced-heading uagb-block-5c495fdd\"><h3 class=\"uagb-heading-text\"><strong>Pine forests affected by the drought<\/strong><\/h3><\/div>\n\n\n\n<p style=\"font-size:18px\"><em><strong>Description<\/strong><\/em>: reforested areas with high mortality rates following droughts such as that of 2023\u20132024.<\/p>\n\n\n\n<p style=\"font-size:18px\"><strong><em>Objectives<\/em><\/strong>: to increase biodiversity and resilience to future droughts by introducing native species into the clearings.<\/p>\n\n\n\n<p style=\"font-size:18px\"><em><strong>Examples<\/strong><\/em>: pine woods of Sierra Escalona, Guardamar and Sierra de Orihuela.<\/p>\n<\/div>\n\n\n\n<div class=\"wp-block-group has-background is-vertical is-layout-flex wp-container-core-group-is-layout-1866313d wp-block-group-is-layout-flex\" style=\"background-color:#b8cfdd;margin-top:0;margin-bottom:0;padding-top:var(--wp--preset--spacing--40);padding-right:var(--wp--preset--spacing--40);padding-bottom:var(--wp--preset--spacing--40);padding-left:var(--wp--preset--spacing--40)\">\n<div class=\"wp-block-uagb-image uagb-block-9e9b871e wp-block-uagb-image--layout-default wp-block-uagb-image--effect-static wp-block-uagb-image--align-none\"><figure class=\"wp-block-uagb-image__figure\"><img decoding=\"async\" src=\"https:\/\/arbavegabaja.com\/wp-content\/uploads\/2026\/08\/03-Rambla-16-9-compressed.jpg\" alt=\"\" class=\"uag-image-3795\" width=\"800\" height=\"450\" title=\"03 - Rambla 16-9 compressed\" loading=\"lazy\" role=\"img\" \/><\/figure><\/div>\n\n\n\n<div class=\"wp-block-uagb-advanced-heading uagb-block-dacc8f15\"><h3 class=\"uagb-heading-text\"><strong>\"Ramblas\" and riverbeds<\/strong><\/h3><\/div>\n\n\n\n<p style=\"font-size:18px\"><em><strong>Description<\/strong><\/em>: ecosystems with water availability, but which are often degraded or invaded by non-native species.<\/p>\n\n\n\n<p style=\"font-size:18px\"><strong><em>Objectives<\/em><\/strong>: to restore riparian vegetation in order to create corridors of high ecological value that link up areas in good condition.<\/p>\n\n\n\n<p style=\"font-size:18px\"><em><strong>Examples<\/strong><\/em>: R\u00edo Seco, Ca\u00f1ada del Espartal and Rambla Alcoriza<\/p>\n<\/div>\n\n\n\n<div class=\"wp-block-group has-background is-vertical is-layout-flex wp-container-core-group-is-layout-1866313d wp-block-group-is-layout-flex\" style=\"background-color:#d4d6d6;margin-top:0;margin-bottom:0;padding-top:var(--wp--preset--spacing--40);padding-right:var(--wp--preset--spacing--40);padding-bottom:var(--wp--preset--spacing--40);padding-left:var(--wp--preset--spacing--40)\">\n<div class=\"wp-block-uagb-image uagb-block-14a280a9 wp-block-uagb-image--layout-default wp-block-uagb-image--effect-static wp-block-uagb-image--align-none\"><figure class=\"wp-block-uagb-image__figure\"><img decoding=\"async\" src=\"https:\/\/arbavegabaja.com\/wp-content\/uploads\/2026\/08\/04-Espacio-periurbano.jpeg\" alt=\"\" class=\"uag-image-3796\" width=\"1008\" height=\"567\" title=\"04 - Espacio periurbano\" loading=\"lazy\" role=\"img\" \/><\/figure><\/div>\n\n\n\n<div class=\"wp-block-uagb-advanced-heading uagb-block-bf730ba2\"><h3 class=\"uagb-heading-text\"><strong>Spaces on the urban periphery<\/strong><\/h3><\/div>\n\n\n\n<p style=\"font-size:18px\"><em><strong>Description<\/strong><\/em>: plots of land near built-up areas, which are occasionally derelict and used as dumping grounds, or overrun by invasive plants.<\/p>\n\n\n\n<p style=\"font-size:18px\"><strong><em>Objectives<\/em><\/strong>: to transform them into transitional spaces that provide a breath of fresh air, healthy leisure activities and raise environmental awareness amongst local residents.<\/p>\n\n\n\n<p style=\"font-size:18px\"><em><strong>Examples<\/strong><\/em>: V\u00eda Verde of the Torretas in Torrevieja.<\/p>\n<\/div>\n\n\n\n<div class=\"wp-block-group has-background is-vertical is-layout-flex wp-container-core-group-is-layout-1866313d wp-block-group-is-layout-flex\" style=\"background-color:#f7f5c1;margin-top:0;margin-bottom:0;padding-top:var(--wp--preset--spacing--40);padding-right:var(--wp--preset--spacing--40);padding-bottom:var(--wp--preset--spacing--40);padding-left:var(--wp--preset--spacing--40)\">\n<div class=\"wp-block-uagb-image uagb-block-eac59b30 wp-block-uagb-image--layout-default wp-block-uagb-image--effect-static wp-block-uagb-image--align-none\"><figure class=\"wp-block-uagb-image__figure\"><img decoding=\"async\" src=\"https:\/\/arbavegabaja.com\/wp-content\/uploads\/2026\/08\/05-Lindes-agricolas-16-9-compressed.jpg\" alt=\"\" class=\"uag-image-3799\" width=\"900\" height=\"506\" title=\"05 - Lindes agricolas 16-9 compressed\" loading=\"lazy\" role=\"img\" \/><\/figure><\/div>\n\n\n\n<div class=\"wp-block-uagb-advanced-heading uagb-block-17ed9afc\"><h3 class=\"uagb-heading-text\"><strong>Agricultural boundaries and perimeters<\/strong><\/h3><\/div>\n\n\n\n<p style=\"font-size:18px\"><em><strong>Description<\/strong><\/em>: the edges of agricultural holdings (ideally organic), which are usually bare and fragment the landscape.<\/p>\n\n\n\n<p style=\"font-size:18px\"><strong><em>Objectives<\/em><\/strong>: to plant hedges of native flora that provide shelter for pollinators and birds, linking up the agricultural landscape and helping with natural pest control.<\/p>\n\n\n\n<p style=\"font-size:18px\"><em><strong>Examples<\/strong><\/em>: organic citrus crops in the municipality of Orihuela, vegetables in Pilar de la Horadada, Almorad\u00ed and Dolores.<\/p>\n<\/div>\n<\/div>\n\n\n\n<div class=\"wp-block-uagb-advanced-heading uagb-block-6c776233\"><h2 class=\"uagb-heading-text\">A comprehensive process, from paper to forest<\/h2><\/div>\n\n\n\n<p style=\"margin-top:var(--wp--preset--spacing--30);margin-bottom:var(--wp--preset--spacing--30);font-size:18px\">This area identification phase is only the <strong>starting point<\/strong> for a process designed to ensure that every hour invested and every euro spent yields <strong>lasting and sustainable results<\/strong> over time.<\/p>\n\n\n\n<p style=\"margin-top:var(--wp--preset--spacing--30);margin-bottom:var(--wp--preset--spacing--30);font-size:18px\">You can check our working methodology in the section <a href=\"https:\/\/arbavegabaja.com\/en\/services\/\" title=\"\">What we do \/ Our methodology<\/a>. Some of the most important points to assess in each of the identified areas are as follows:<\/p>\n\n\n\n<ul style=\"font-size:18px\" class=\"wp-block-list\">\n<li><strong>Legal certainty and ownership<\/strong>: verification of land ownership and the necessary permits. The timeframe during which the development will be protected is particularly important.<\/li>\n\n\n\n<li><strong>Environmental assessment<\/strong>: analysis of the area\u2019s current ecological status, including soil type, topography, microclimate and natural water availability, in order to assess which habitats can be restored in the short and long term.<\/li>\n\n\n\n<li><strong>Technical study<\/strong>: assessment of the most suitable restoration techniques, access routes, any earthworks that may be required and the availability of irrigation water, whilst estimating the total effort required.<\/li>\n\n\n\n<li><strong>Stakeholders<\/strong>: identifying public institutions, businesses, associations, communities and local populations with potential interests in the area to be restored, with a view to anticipating the need for consensus and collaboration.<\/li>\n<\/ul>\n\n\n\n<p style=\"margin-top:var(--wp--preset--spacing--30);margin-bottom:var(--wp--preset--spacing--30);font-size:18px\">In this process, we are supported by the ARBA infrastructure, as well as by other collaborating organisations, such as the University of Alicante through its platform <a href=\"https:\/\/www.google.com\/url?sa=t&amp;source=web&amp;rct=j&amp;opi=89978449&amp;url=https:\/\/web.ua.es\/es\/r2d\/renaturem-sur-de-alicante.html&amp;ved=2ahUKEwi7s8-qip2WAxUdV0EAHcFzBuwQFnoECBoQAQ&amp;usg=AOvVaw3kPdtKBCSAFqS4E9xPj1cO\" target=\"_blank\" rel=\"noopener\" title=\"\">RENATUREM Sur de Alicante<\/a>, which provide us with their scientific knowledge and practical experience.<\/p>\n\n\n\n<div class=\"wp-block-uagb-image aligncenter uagb-block-ca32b3bc wp-block-uagb-image--layout-default wp-block-uagb-image--effect-static wp-block-uagb-image--align-center\"><figure class=\"wp-block-uagb-image__figure\"><img decoding=\"async\" src=\"https:\/\/arbavegabaja.com\/wp-content\/uploads\/2026\/08\/Explicacion-16-9-compressed-1024x576.jpg\" alt=\"Persona dando explicaciones sobre una planta\" class=\"uag-image-3385\" width=\"500\" height=\"813\" title=\"Explicacion 16-9 compressed\" loading=\"lazy\" role=\"img\" \/><\/figure><\/div>\n\n\n\n<div class=\"wp-block-uagb-advanced-heading uagb-block-ff209d89\"><h2 class=\"uagb-heading-text\">What are you waiting for?<\/h2><\/div>\n\n\n\n<p style=\"font-size:18px\">No one knows the nooks and crannies of the Vega Baja better than those who live there. We\u2019d like to invite you to play an active part in this phase of exploration. <strong>If you know a candidate plot of land<\/strong> that, in your opinion, has the potential for transformation, we want to know.<\/p>\n\n\n\n<p style=\"margin-top:var(--wp--preset--spacing--30);margin-bottom:var(--wp--preset--spacing--30);font-size:18px\">Send us your suggestions in our <strong>contact form below<\/strong>. They will be included in our initial list, which we will use as a basis for applying our criteria to decide where it is most feasible and urgent to take action.<\/p>\n\n\n\n<div class=\"wp-block-buttons is-content-justification-center is-layout-flex wp-container-core-buttons-is-layout-a89b3969 wp-block-buttons-is-layout-flex\">\n<div class=\"wp-block-button\"><a class=\"wp-block-button__link wp-element-button\" href=\"https:\/\/arbavegabaja.com\/en\/contact\/\"><strong>Contact us<\/strong><\/a><\/div>\n<\/div>","protected":false},"excerpt":{"rendered":"<p>Proyectos ARBA Vega Baja: fase exploratoria ARBA Vega Baja inicia su andadura en la comarca con una idea clara: no [&hellip;]<\/p>\n","protected":false},"author":1,"featured_media":3683,"comment_status":"closed","ping_status":"closed","sticky":false,"template":"","format":"standard","meta":{"_uag_custom_page_level_css":"","site-sidebar-layout":"default","site-content-layout":"","ast-site-content-layout":"default","site-content-style":"default","site-sidebar-style":"default","ast-global-header-display":"","ast-banner-title-visibility":"","ast-main-header-display":"","ast-hfb-above-header-display":"","ast-hfb-below-header-display":"","ast-hfb-mobile-header-display":"","site-post-title":"disabled","ast-breadcrumbs-content":"","ast-featured-img":"","footer-sml-layout":"","ast-disable-related-posts":"","theme-transparent-header-meta":"","adv-header-id-meta":"","stick-header-meta":"","header-above-stick-meta":"","header-main-stick-meta":"","header-below-stick-meta":"","astra-migrate-meta-layouts":"set","ast-page-background-enabled":"default","ast-page-background-meta":{"desktop":{"background-color":"var(--ast-global-color-4)","background-image":"","background-repeat":"repeat","background-position":"center center","background-size":"auto","background-attachment":"scroll","background-type":"","background-media":"","overlay-type":"","overlay-color":"","overlay-opacity":"","overlay-gradient":""},"tablet":{"background-color":"","background-image":"","background-repeat":"repeat","background-position":"center center","background-size":"auto","background-attachment":"scroll","background-type":"","background-media":"","overlay-type":"","overlay-color":"","overlay-opacity":"","overlay-gradient":""},"mobile":{"background-color":"","background-image":"","background-repeat":"repeat","background-position":"center center","background-size":"auto","background-attachment":"scroll","background-type":"","background-media":"","overlay-type":"","overlay-color":"","overlay-opacity":"","overlay-gradient":""}},"ast-content-background-meta":{"desktop":{"background-color":"var(--ast-global-color-5)","background-image":"","background-repeat":"repeat","background-position":"center center","background-size":"auto","background-attachment":"scroll","background-type":"","background-media":"","overlay-type":"","overlay-color":"","overlay-opacity":"","overlay-gradient":""},"tablet":{"background-color":"var(--ast-global-color-5)","background-image":"","background-repeat":"repeat","background-position":"center center","background-size":"auto","background-attachment":"scroll","background-type":"","background-media":"","overlay-type":"","overlay-color":"","overlay-opacity":"","overlay-gradient":""},"mobile":{"background-color":"var(--ast-global-color-5)","background-image":"","background-repeat":"repeat","background-position":"center center","background-size":"auto","background-attachment":"scroll","background-type":"","background-media":"","overlay-type":"","overlay-color":"","overlay-opacity":"","overlay-gradient":""}},"footnotes":""},"categories":[30],"tags":[],"class_list":["post-3378","post","type-post","status-publish","format-standard","has-post-thumbnail","hentry","category-noticias"],"aioseo_notices":[],"aioseo_head":"\n\t\t<!-- All in One SEO 5.0.1.1 - aioseo.com -->\n\t<meta name=\"description\" content=\"En esta etapa de implantaci\u00f3n de ARBA en la Vega Baja, descubre y participa en la selecci\u00f3n de zonas candidatas para reforestaci\u00f3n en la comarca.\" \/>\n\t<meta name=\"robots\" content=\"max-image-preview:large\" \/>\n\t<meta name=\"author\" content=\"ARBA Vega Baja\"\/>\n\t<link rel=\"canonical\" href=\"https:\/\/arbavegabaja.com\/en\/proyectos-arba-vega-baja-fase-exploratoria\/\" \/>\n\t<meta name=\"generator\" content=\"All in One SEO (AIOSEO) 5.0.1.1\" \/>\n\t\t<meta property=\"og:locale\" content=\"en_GB\" \/>\n\t\t<meta property=\"og:site_name\" content=\"arbavegabaja.com - Web de ARBA Vega Baja, asociaci\u00f3n local para la recuperaci\u00f3n de la vegetaci\u00f3n aut\u00f3ctona\" \/>\n\t\t<meta property=\"og:type\" content=\"article\" \/>\n\t\t<meta property=\"og:title\" content=\"Proyectos ARBA Vega Baja: fase exploratoria\" \/>\n\t\t<meta property=\"og:description\" content=\"En esta etapa de implantaci\u00f3n de ARBA en la Vega Baja, descubre y participa en la selecci\u00f3n de zonas candidatas para reforestaci\u00f3n en la comarca.\" \/>\n\t\t<meta property=\"og:url\" content=\"https:\/\/arbavegabaja.com\/en\/proyectos-arba-vega-baja-fase-exploratoria\/\" \/>\n\t\t<meta property=\"og:image\" content=\"https:\/\/arbavegabaja.com\/wp-content\/uploads\/2026\/08\/Voluntario-paisaje-compressed.jpg\" \/>\n\t\t<meta property=\"og:image:secure_url\" content=\"https:\/\/arbavegabaja.com\/wp-content\/uploads\/2026\/08\/Voluntario-paisaje-compressed.jpg\" \/>\n\t\t<meta property=\"og:image:width\" content=\"1200\" \/>\n\t\t<meta property=\"og:image:height\" content=\"675\" \/>\n\t\t<meta property=\"article:published_time\" content=\"2026-08-12T23:26:46+00:00\" \/>\n\t\t<meta property=\"article:modified_time\" content=\"2026-09-02T08:12:14+00:00\" \/>\n\t\t<meta name=\"twitter:card\" content=\"summary_large_image\" \/>\n\t\t<meta name=\"twitter:title\" content=\"Proyectos ARBA Vega Baja: fase exploratoria\" \/>\n\t\t<meta name=\"twitter:description\" content=\"En esta etapa de implantaci\u00f3n de ARBA en la Vega Baja, descubre y participa en la selecci\u00f3n de zonas candidatas para reforestaci\u00f3n en la comarca.\" \/>\n\t\t<meta name=\"twitter:image\" content=\"https:\/\/arbavegabaja.com\/wp-content\/uploads\/2026\/08\/Voluntario-paisaje-compressed.jpg\" \/>\n\t\t<script type=\"application\/ld+json\" class=\"aioseo-schema\">\n\t\t\t{\"@context\":\"https:\\\/\\\/schema.org\",\"@graph\":[{\"@type\":\"BlogPosting\",\"@id\":\"https:\\\/\\\/arbavegabaja.com\\\/en\\\/proyectos-arba-vega-baja-fase-exploratoria\\\/#blogposting\",\"name\":\"Proyectos ARBA Vega Baja: fase exploratoria\",\"headline\":\"Proyectos ARBA Vega Baja: fase exploratoria\",\"author\":{\"@id\":\"https:\\\/\\\/arbavegabaja.com\\\/en\\\/author\\\/oliviergil80gmail-com\\\/#author\"},\"publisher\":{\"@id\":\"https:\\\/\\\/arbavegabaja.com\\\/en\\\/#organization\"},\"image\":{\"@type\":\"ImageObject\",\"url\":\"https:\\\/\\\/arbavegabaja.com\\\/wp-content\\\/uploads\\\/2026\\\/08\\\/Voluntario-paisaje-compressed.jpg\",\"width\":1200,\"height\":675},\"datePublished\":\"2026-08-12T23:26:46+00:00\",\"dateModified\":\"2026-09-02T08:12:14+00:00\",\"inLanguage\":\"en-GB\",\"mainEntityOfPage\":{\"@id\":\"https:\\\/\\\/arbavegabaja.com\\\/en\\\/proyectos-arba-vega-baja-fase-exploratoria\\\/#webpage\"},\"isPartOf\":{\"@id\":\"https:\\\/\\\/arbavegabaja.com\\\/en\\\/proyectos-arba-vega-baja-fase-exploratoria\\\/#webpage\"},\"articleSection\":\"Noticias\"},{\"@type\":\"BreadcrumbList\",\"@id\":\"https:\\\/\\\/arbavegabaja.com\\\/en\\\/proyectos-arba-vega-baja-fase-exploratoria\\\/#breadcrumblist\",\"itemListElement\":[{\"@type\":\"ListItem\",\"@id\":\"https:\\\/\\\/arbavegabaja.com\\\/en#listItem\",\"position\":1,\"name\":\"Home\",\"item\":\"https:\\\/\\\/arbavegabaja.com\\\/en\",\"nextItem\":{\"@type\":\"ListItem\",\"@id\":\"https:\\\/\\\/arbavegabaja.com\\\/en\\\/category\\\/noticias\\\/#listItem\",\"name\":\"Noticias\"}},{\"@type\":\"ListItem\",\"@id\":\"https:\\\/\\\/arbavegabaja.com\\\/en\\\/category\\\/noticias\\\/#listItem\",\"position\":2,\"name\":\"Noticias\",\"item\":\"https:\\\/\\\/arbavegabaja.com\\\/en\\\/category\\\/noticias\\\/\",\"nextItem\":{\"@type\":\"ListItem\",\"@id\":\"https:\\\/\\\/arbavegabaja.com\\\/en\\\/proyectos-arba-vega-baja-fase-exploratoria\\\/#listItem\",\"name\":\"Proyectos ARBA Vega Baja: fase exploratoria\"},\"previousItem\":{\"@type\":\"ListItem\",\"@id\":\"https:\\\/\\\/arbavegabaja.com\\\/en#listItem\",\"name\":\"Home\"}},{\"@type\":\"ListItem\",\"@id\":\"https:\\\/\\\/arbavegabaja.com\\\/en\\\/proyectos-arba-vega-baja-fase-exploratoria\\\/#listItem\",\"position\":3,\"name\":\"Proyectos ARBA Vega Baja: fase exploratoria\",\"previousItem\":{\"@type\":\"ListItem\",\"@id\":\"https:\\\/\\\/arbavegabaja.com\\\/en\\\/category\\\/noticias\\\/#listItem\",\"name\":\"Noticias\"}}]},{\"@type\":\"Organization\",\"@id\":\"https:\\\/\\\/arbavegabaja.com\\\/en\\\/#organization\",\"name\":\"arbavegabaja.com\",\"description\":\"Web de ARBA Vega Baja, asociaci\\u00f3n local para la recuperaci\\u00f3n de la vegetaci\\u00f3n aut\\u00f3ctona\",\"url\":\"https:\\\/\\\/arbavegabaja.com\\\/en\\\/\",\"logo\":{\"@type\":\"ImageObject\",\"url\":\"https:\\\/\\\/arbavegabaja.com\\\/wp-content\\\/uploads\\\/2026\\\/01\\\/Logo-BN-sin-fondo-1.png\",\"@id\":\"https:\\\/\\\/arbavegabaja.com\\\/en\\\/proyectos-arba-vega-baja-fase-exploratoria\\\/#organizationLogo\",\"width\":1155,\"height\":843,\"caption\":\"logo bn sin fondo\"},\"image\":{\"@id\":\"https:\\\/\\\/arbavegabaja.com\\\/en\\\/proyectos-arba-vega-baja-fase-exploratoria\\\/#organizationLogo\"}},{\"@type\":\"Person\",\"@id\":\"https:\\\/\\\/arbavegabaja.com\\\/en\\\/author\\\/oliviergil80gmail-com\\\/#author\",\"url\":\"https:\\\/\\\/arbavegabaja.com\\\/en\\\/author\\\/oliviergil80gmail-com\\\/\",\"name\":\"ARBA Vega Baja\",\"image\":{\"@type\":\"ImageObject\",\"@id\":\"https:\\\/\\\/arbavegabaja.com\\\/en\\\/proyectos-arba-vega-baja-fase-exploratoria\\\/#authorImage\",\"url\":\"https:\\\/\\\/secure.gravatar.com\\\/avatar\\\/00912809148f16e9409e01e3c7bbb4ac6184e55389ab111ada94644afa9f7ebb?s=96&d=mm&r=g\",\"width\":96,\"height\":96,\"caption\":\"ARBA Vega Baja\"}},{\"@type\":\"WebPage\",\"@id\":\"https:\\\/\\\/arbavegabaja.com\\\/en\\\/proyectos-arba-vega-baja-fase-exploratoria\\\/#webpage\",\"url\":\"https:\\\/\\\/arbavegabaja.com\\\/en\\\/proyectos-arba-vega-baja-fase-exploratoria\\\/\",\"name\":\"Proyectos ARBA Vega Baja: fase exploratoria\",\"description\":\"En esta etapa de implantaci\\u00f3n de ARBA en la Vega Baja, descubre y participa en la selecci\\u00f3n de zonas candidatas para reforestaci\\u00f3n en la comarca.\",\"inLanguage\":\"en-GB\",\"isPartOf\":{\"@id\":\"https:\\\/\\\/arbavegabaja.com\\\/en\\\/#website\"},\"breadcrumb\":{\"@id\":\"https:\\\/\\\/arbavegabaja.com\\\/en\\\/proyectos-arba-vega-baja-fase-exploratoria\\\/#breadcrumblist\"},\"author\":{\"@id\":\"https:\\\/\\\/arbavegabaja.com\\\/en\\\/author\\\/oliviergil80gmail-com\\\/#author\"},\"creator\":{\"@id\":\"https:\\\/\\\/arbavegabaja.com\\\/en\\\/author\\\/oliviergil80gmail-com\\\/#author\"},\"image\":{\"@type\":\"ImageObject\",\"url\":\"https:\\\/\\\/arbavegabaja.com\\\/wp-content\\\/uploads\\\/2026\\\/08\\\/Voluntario-paisaje-compressed.jpg\",\"@id\":\"https:\\\/\\\/arbavegabaja.com\\\/en\\\/proyectos-arba-vega-baja-fase-exploratoria\\\/#mainImage\",\"width\":1200,\"height\":675},\"primaryImageOfPage\":{\"@id\":\"https:\\\/\\\/arbavegabaja.com\\\/en\\\/proyectos-arba-vega-baja-fase-exploratoria\\\/#mainImage\"},\"datePublished\":\"2026-08-12T23:26:46+00:00\",\"dateModified\":\"2026-09-02T08:12:14+00:00\"},{\"@type\":\"WebSite\",\"@id\":\"https:\\\/\\\/arbavegabaja.com\\\/en\\\/#website\",\"url\":\"https:\\\/\\\/arbavegabaja.com\\\/en\\\/\",\"name\":\"arbavegabaja.com\",\"description\":\"Web de ARBA Vega Baja, asociaci\\u00f3n local para la recuperaci\\u00f3n de la vegetaci\\u00f3n aut\\u00f3ctona\",\"inLanguage\":\"en-GB\",\"publisher\":{\"@id\":\"https:\\\/\\\/arbavegabaja.com\\\/en\\\/#organization\"}}]}\n\t\t<\/script>\n\t\t<!-- All in One SEO -->\n\n","aioseo_head_json":{"title":"Action projects: exploratory phase","description":"As ARBA is becoming established in the Vega Baja, discover and participate in the selection of candidate areas for reforestation in the region.","canonical_url":"https:\/\/arbavegabaja.com\/en\/proyectos-arba-vega-baja-fase-exploratoria\/","robots":"max-image-preview:large","keywords":"","webmasterTools":{"miscellaneous":""},"schema":{"@context":"https:\/\/schema.org","@graph":[{"@type":"BlogPosting","@id":"https:\/\/arbavegabaja.com\/en\/proyectos-arba-vega-baja-fase-exploratoria\/#blogposting","name":"Proyectos ARBA Vega Baja: fase exploratoria","headline":"Proyectos ARBA Vega Baja: fase exploratoria","author":{"@id":"https:\/\/arbavegabaja.com\/en\/author\/oliviergil80gmail-com\/#author"},"publisher":{"@id":"https:\/\/arbavegabaja.com\/en\/#organization"},"image":{"@type":"ImageObject","url":"https:\/\/arbavegabaja.com\/wp-content\/uploads\/2026\/08\/Voluntario-paisaje-compressed.jpg","width":1200,"height":675},"datePublished":"2026-08-12T23:26:46+00:00","dateModified":"2026-09-02T08:12:14+00:00","inLanguage":"en-GB","mainEntityOfPage":{"@id":"https:\/\/arbavegabaja.com\/en\/proyectos-arba-vega-baja-fase-exploratoria\/#webpage"},"isPartOf":{"@id":"https:\/\/arbavegabaja.com\/en\/proyectos-arba-vega-baja-fase-exploratoria\/#webpage"},"articleSection":"Noticias"},{"@type":"BreadcrumbList","@id":"https:\/\/arbavegabaja.com\/en\/proyectos-arba-vega-baja-fase-exploratoria\/#breadcrumblist","itemListElement":[{"@type":"ListItem","@id":"https:\/\/arbavegabaja.com\/en#listItem","position":1,"name":"Home","item":"https:\/\/arbavegabaja.com\/en","nextItem":{"@type":"ListItem","@id":"https:\/\/arbavegabaja.com\/en\/category\/noticias\/#listItem","name":"Noticias"}},{"@type":"ListItem","@id":"https:\/\/arbavegabaja.com\/en\/category\/noticias\/#listItem","position":2,"name":"Noticias","item":"https:\/\/arbavegabaja.com\/en\/category\/noticias\/","nextItem":{"@type":"ListItem","@id":"https:\/\/arbavegabaja.com\/en\/proyectos-arba-vega-baja-fase-exploratoria\/#listItem","name":"Proyectos ARBA Vega Baja: fase exploratoria"},"previousItem":{"@type":"ListItem","@id":"https:\/\/arbavegabaja.com\/en#listItem","name":"Home"}},{"@type":"ListItem","@id":"https:\/\/arbavegabaja.com\/en\/proyectos-arba-vega-baja-fase-exploratoria\/#listItem","position":3,"name":"Proyectos ARBA Vega Baja: fase exploratoria","previousItem":{"@type":"ListItem","@id":"https:\/\/arbavegabaja.com\/en\/category\/noticias\/#listItem","name":"Noticias"}}]},{"@type":"Organization","@id":"https:\/\/arbavegabaja.com\/en\/#organization","name":"arbavegabaja.com","description":"Web de ARBA Vega Baja, asociaci\u00f3n local para la recuperaci\u00f3n de la vegetaci\u00f3n aut\u00f3ctona","url":"https:\/\/arbavegabaja.com\/en\/","logo":{"@type":"ImageObject","url":"https:\/\/arbavegabaja.com\/wp-content\/uploads\/2026\/01\/Logo-BN-sin-fondo-1.png","@id":"https:\/\/arbavegabaja.com\/en\/proyectos-arba-vega-baja-fase-exploratoria\/#organizationLogo","width":1155,"height":843,"caption":"logo bn sin fondo"},"image":{"@id":"https:\/\/arbavegabaja.com\/en\/proyectos-arba-vega-baja-fase-exploratoria\/#organizationLogo"}},{"@type":"Person","@id":"https:\/\/arbavegabaja.com\/en\/author\/oliviergil80gmail-com\/#author","url":"https:\/\/arbavegabaja.com\/en\/author\/oliviergil80gmail-com\/","name":"ARBA Vega Baja","image":{"@type":"ImageObject","@id":"https:\/\/arbavegabaja.com\/en\/proyectos-arba-vega-baja-fase-exploratoria\/#authorImage","url":"https:\/\/secure.gravatar.com\/avatar\/00912809148f16e9409e01e3c7bbb4ac6184e55389ab111ada94644afa9f7ebb?s=96&d=mm&r=g","width":96,"height":96,"caption":"ARBA Vega Baja"}},{"@type":"WebPage","@id":"https:\/\/arbavegabaja.com\/en\/proyectos-arba-vega-baja-fase-exploratoria\/#webpage","url":"https:\/\/arbavegabaja.com\/en\/proyectos-arba-vega-baja-fase-exploratoria\/","name":"Proyectos ARBA Vega Baja: fase exploratoria","description":"En esta etapa de implantaci\u00f3n de ARBA en la Vega Baja, descubre y participa en la selecci\u00f3n de zonas candidatas para reforestaci\u00f3n en la comarca.","inLanguage":"en-GB","isPartOf":{"@id":"https:\/\/arbavegabaja.com\/en\/#website"},"breadcrumb":{"@id":"https:\/\/arbavegabaja.com\/en\/proyectos-arba-vega-baja-fase-exploratoria\/#breadcrumblist"},"author":{"@id":"https:\/\/arbavegabaja.com\/en\/author\/oliviergil80gmail-com\/#author"},"creator":{"@id":"https:\/\/arbavegabaja.com\/en\/author\/oliviergil80gmail-com\/#author"},"image":{"@type":"ImageObject","url":"https:\/\/arbavegabaja.com\/wp-content\/uploads\/2026\/08\/Voluntario-paisaje-compressed.jpg","@id":"https:\/\/arbavegabaja.com\/en\/proyectos-arba-vega-baja-fase-exploratoria\/#mainImage","width":1200,"height":675},"primaryImageOfPage":{"@id":"https:\/\/arbavegabaja.com\/en\/proyectos-arba-vega-baja-fase-exploratoria\/#mainImage"},"datePublished":"2026-08-12T23:26:46+00:00","dateModified":"2026-09-02T08:12:14+00:00"},{"@type":"WebSite","@id":"https:\/\/arbavegabaja.com\/en\/#website","url":"https:\/\/arbavegabaja.com\/en\/","name":"arbavegabaja.com","description":"Web de ARBA Vega Baja, asociaci\u00f3n local para la recuperaci\u00f3n de la vegetaci\u00f3n aut\u00f3ctona","inLanguage":"en-GB","publisher":{"@id":"https:\/\/arbavegabaja.com\/en\/#organization"}}]},"og:locale":"en_GB","og:site_name":"arbavegabaja.com - Web de ARBA Vega Baja, asociaci\u00f3n local para la recuperaci\u00f3n de la vegetaci\u00f3n aut\u00f3ctona","og:type":"article","og:title":"Proyectos ARBA Vega Baja: fase exploratoria","og:description":"En esta etapa de implantaci\u00f3n de ARBA en la Vega Baja, descubre y participa en la selecci\u00f3n de zonas candidatas para reforestaci\u00f3n en la comarca.","og:url":"https:\/\/arbavegabaja.com\/en\/proyectos-arba-vega-baja-fase-exploratoria\/","og:image":"https:\/\/arbavegabaja.com\/wp-content\/uploads\/2026\/08\/Voluntario-paisaje-compressed.jpg","og:image:secure_url":"https:\/\/arbavegabaja.com\/wp-content\/uploads\/2026\/08\/Voluntario-paisaje-compressed.jpg","og:image:width":"1200","og:image:height":"675","article:published_time":"2026-08-12T23:26:46+00:00","article:modified_time":"2026-09-02T08:12:14+00:00","twitter:card":"summary_large_image","twitter:title":"Proyectos ARBA Vega Baja: fase exploratoria","twitter:description":"En esta etapa de implantaci\u00f3n de ARBA en la Vega Baja, descubre y participa en la selecci\u00f3n de zonas candidatas para reforestaci\u00f3n en la comarca.","twitter:image":"https:\/\/arbavegabaja.com\/wp-content\/uploads\/2026\/08\/Voluntario-paisaje-compressed.jpg"},"aioseo_meta_data":{"post_id":"3378","title":"#post_title","description":"As ARBA is becoming established in the Vega Baja, discover and participate in the selection of candidate areas for reforestation in the region.","keywords":null,"keyphrases":{"focus":{"keyphrase":"terrenos reforestaci\u00f3n Alicante","score":0,"analysis":[]},"additional":[]},"primary_term":null,"canonical_url":null,"og_title":"#post_title","og_description":"En esta etapa de implantaci\u00f3n de ARBA en la Vega Baja, descubre y participa en la selecci\u00f3n de zonas candidatas para reforestaci\u00f3n en la comarca.","og_object_type":"default","og_image_type":"featured","og_image_url":"https:\/\/arbavegabaja.com\/wp-content\/uploads\/2026\/08\/Voluntario-paisaje-compressed.jpg","og_image_width":"1200","og_image_height":"675","og_image_custom_url":null,"og_image_custom_fields":null,"og_video":"","og_custom_url":null,"og_article_section":null,"og_article_tags":null,"twitter_use_og":false,"twitter_card":"default","twitter_image_type":"default","twitter_image_url":null,"twitter_image_custom_url":null,"twitter_image_custom_fields":null,"twitter_title":null,"twitter_description":null,"schema":{"blockGraphs":[],"customGraphs":[],"default":{"data":{"Article":[],"Course":[],"Dataset":[],"FAQPage":[],"Movie":[],"Person":[],"Product":[],"ProductReview":[],"Car":[],"Recipe":[],"Service":[],"SoftwareApplication":[],"WebPage":[]},"graphName":"BlogPosting","isEnabled":true},"graphs":[]},"schema_type":"default","schema_type_options":null,"pillar_content":false,"robots_default":true,"robots_noindex":false,"robots_noarchive":false,"robots_nosnippet":false,"robots_nofollow":false,"robots_noimageindex":false,"robots_noodp":false,"robots_notranslate":false,"robots_max_snippet":"-1","robots_max_videopreview":"-1","robots_max_imagepreview":"large","priority":null,"frequency":"default","local_seo":null,"breadcrumb_settings":null,"limit_modified_date":false,"ai":{"faqs":[],"keyPoints":[],"schemas":[],"titles":[],"descriptions":[],"socialPosts":{"email":{"subject":"","preview":"","content":""},"linkedin":[],"twitter":[],"facebook":[],"instagram":[]}},"created":"2026-08-12 22:44:24","updated":"2026-09-02 10:01:42","seo_analyzer_scan_date":null,"focus_keyword":"terrenos reforestaci\u00f3n Alicante","additional_keywords":null,"truseo_locale":null},"aioseo_breadcrumb":"<div class=\"aioseo-breadcrumbs\"><span class=\"aioseo-breadcrumb\">\n\t\t\t<a href=\"https:\/\/arbavegabaja.com\/en\" title=\"Home\">Home<\/a>\n\t\t<\/span><span class=\"aioseo-breadcrumb-separator\">&raquo;<\/span><span class=\"aioseo-breadcrumb\">\n\t\t\t<a href=\"https:\/\/arbavegabaja.com\/en\/category\/noticias\/\" title=\"Noticias\">Noticias<\/a>\n\t\t<\/span><span class=\"aioseo-breadcrumb-separator\">&raquo;<\/span><span class=\"aioseo-breadcrumb\">\n\t\t\tProyectos ARBA Vega Baja: fase exploratoria\n\t\t<\/span><\/div>","aioseo_breadcrumb_json":[{"label":"Home","link":"https:\/\/arbavegabaja.com\/en"},{"label":"Noticias","link":"https:\/\/arbavegabaja.com\/en\/category\/noticias\/"},{"label":"Proyectos ARBA Vega Baja: fase exploratoria","link":"https:\/\/arbavegabaja.com\/en\/proyectos-arba-vega-baja-fase-exploratoria\/"}],"uagb_featured_image_src":{"full":["https:\/\/arbavegabaja.com\/wp-content\/uploads\/2026\/08\/Voluntario-paisaje-compressed.jpg",1200,675,false],"thumbnail":["https:\/\/arbavegabaja.com\/wp-content\/uploads\/2026\/08\/Voluntario-paisaje-compressed-150x150.jpg",150,150,true],"medium":["https:\/\/arbavegabaja.com\/wp-content\/uploads\/2026\/08\/Voluntario-paisaje-compressed-300x169.jpg",300,169,true],"medium_large":["https:\/\/arbavegabaja.com\/wp-content\/uploads\/2026\/08\/Voluntario-paisaje-compressed-768x432.jpg",768,432,true],"large":["https:\/\/arbavegabaja.com\/wp-content\/uploads\/2026\/08\/Voluntario-paisaje-compressed-1024x576.jpg",1024,576,true],"1536x1536":["https:\/\/arbavegabaja.com\/wp-content\/uploads\/2026\/08\/Voluntario-paisaje-compressed.jpg",1200,675,false],"2048x2048":["https:\/\/arbavegabaja.com\/wp-content\/uploads\/2026\/08\/Voluntario-paisaje-compressed.jpg",1200,675,false],"trp-custom-language-flag":["https:\/\/arbavegabaja.com\/wp-content\/uploads\/2026\/08\/Voluntario-paisaje-compressed-18x10.jpg",18,10,true],"woocommerce_thumbnail":["https:\/\/arbavegabaja.com\/wp-content\/uploads\/2026\/08\/Voluntario-paisaje-compressed-300x300.jpg",300,300,true],"woocommerce_single":["https:\/\/arbavegabaja.com\/wp-content\/uploads\/2026\/08\/Voluntario-paisaje-compressed-600x338.jpg",600,338,true],"woocommerce_gallery_thumbnail":["https:\/\/arbavegabaja.com\/wp-content\/uploads\/2026\/08\/Voluntario-paisaje-compressed-100x100.jpg",100,100,true]},"uagb_author_info":{"display_name":"ARBA Vega Baja","author_link":"https:\/\/arbavegabaja.com\/en\/author\/oliviergil80gmail-com\/"},"uagb_comment_info":0,"uagb_excerpt":"Proyectos ARBA Vega Baja: fase exploratoria ARBA Vega Baja inicia su andadura en la comarca con una idea clara: no [&hellip;]","_links":{"self":[{"href":"https:\/\/arbavegabaja.com\/en\/wp-json\/wp\/v2\/posts\/3378","targetHints":{"allow":["GET"]}}],"collection":[{"href":"https:\/\/arbavegabaja.com\/en\/wp-json\/wp\/v2\/posts"}],"about":[{"href":"https:\/\/arbavegabaja.com\/en\/wp-json\/wp\/v2\/types\/post"}],"author":[{"embeddable":true,"href":"https:\/\/arbavegabaja.com\/en\/wp-json\/wp\/v2\/users\/1"}],"replies":[{"embeddable":true,"href":"https:\/\/arbavegabaja.com\/en\/wp-json\/wp\/v2\/comments?post=3378"}],"version-history":[{"count":24,"href":"https:\/\/arbavegabaja.com\/en\/wp-json\/wp\/v2\/posts\/3378\/revisions"}],"predecessor-version":[{"id":3966,"href":"https:\/\/arbavegabaja.com\/en\/wp-json\/wp\/v2\/posts\/3378\/revisions\/3966"}],"wp:featuredmedia":[{"embeddable":true,"href":"https:\/\/arbavegabaja.com\/en\/wp-json\/wp\/v2\/media\/3683"}],"wp:attachment":[{"href":"https:\/\/arbavegabaja.com\/en\/wp-json\/wp\/v2\/media?parent=3378"}],"wp:term":[{"taxonomy":"category","embeddable":true,"href":"https:\/\/arbavegabaja.com\/en\/wp-json\/wp\/v2\/categories?post=3378"},{"taxonomy":"post_tag","embeddable":true,"href":"https:\/\/arbavegabaja.com\/en\/wp-json\/wp\/v2\/tags?post=3378"}],"curies":[{"name":"wp","href":"https:\/\/api.w.org\/{rel}","templated":true}]}}