{"id":3510,"date":"2026-08-24T21:21:53","date_gmt":"2026-08-24T21:21:53","guid":{"rendered":"https:\/\/arbavegabaja.com\/?p=3510"},"modified":"2026-09-02T08:13:59","modified_gmt":"2026-09-02T08:13:59","slug":"germinacion-de-semillas-autoctonas-mediterraneas-proximamente","status":"publish","type":"post","link":"https:\/\/arbavegabaja.com\/en\/germinacion-de-semillas-autoctonas-mediterraneas-proximamente\/","title":{"rendered":"Germination of mediterranean native seeds (coming soon)"},"content":{"rendered":"<div class=\"wp-block-uagb-advanced-heading uagb-block-0fc5aa5d\"><h1 class=\"uagb-heading-text\"><strong>Germinaci\u00f3n de semillas aut\u00f3ctonas mediterr\u00e1neas<\/strong> (proximamente)<\/h1><\/div>\n\n\n\n<p style=\"margin-top:var(--wp--preset--spacing--30);margin-bottom:var(--wp--preset--spacing--30);font-size:18px\">Pr\u00f3ximamente, c\u00f3mo cultivar tus propias plantas aut\u00f3ctonas a partir de la germinaci\u00f3n de semillas de especies mediterr\u00e1neas.<\/p>\n\n\n\n<div class=\"wp-block-uagb-image aligncenter uagb-block-c2d479ab wp-block-uagb-image--layout-default wp-block-uagb-image--effect-static wp-block-uagb-image--align-center\"><figure class=\"wp-block-uagb-image__figure\"><img decoding=\"async\" src=\"https:\/\/arbavegabaja.com\/wp-content\/uploads\/2026\/08\/Plantulas-16-9-compressed-1024x576.jpg\" alt=\"planta creciendo en un semillero\" class=\"uag-image-3348\" width=\"500\" height=\"576\" title=\"Plantulas 16-9 compressed\" loading=\"lazy\" role=\"img\" \/><\/figure><\/div>","protected":false},"excerpt":{"rendered":"<p>Germinaci\u00f3n de semillas aut\u00f3ctonas mediterr\u00e1neas (proximamente) Pr\u00f3ximamente, c\u00f3mo cultivar tus propias plantas aut\u00f3ctonas a partir de la germinaci\u00f3n de semillas [&hellip;]<\/p>\n","protected":false},"author":1,"featured_media":3348,"comment_status":"closed","ping_status":"closed","sticky":false,"template":"","format":"standard","meta":{"_uag_custom_page_level_css":"","site-sidebar-layout":"default","site-content-layout":"","ast-site-content-layout":"default","site-content-style":"default","site-sidebar-style":"default","ast-global-header-display":"","ast-banner-title-visibility":"","ast-main-header-display":"","ast-hfb-above-header-display":"","ast-hfb-below-header-display":"","ast-hfb-mobile-header-display":"","site-post-title":"disabled","ast-breadcrumbs-content":"","ast-featured-img":"","footer-sml-layout":"","ast-disable-related-posts":"","theme-transparent-header-meta":"","adv-header-id-meta":"","stick-header-meta":"","header-above-stick-meta":"","header-main-stick-meta":"","header-below-stick-meta":"","astra-migrate-meta-layouts":"set","ast-page-background-enabled":"default","ast-page-background-meta":{"desktop":{"background-color":"var(--ast-global-color-4)","background-image":"","background-repeat":"repeat","background-position":"center center","background-size":"auto","background-attachment":"scroll","background-type":"","background-media":"","overlay-type":"","overlay-color":"","overlay-opacity":"","overlay-gradient":""},"tablet":{"background-color":"","background-image":"","background-repeat":"repeat","background-position":"center center","background-size":"auto","background-attachment":"scroll","background-type":"","background-media":"","overlay-type":"","overlay-color":"","overlay-opacity":"","overlay-gradient":""},"mobile":{"background-color":"","background-image":"","background-repeat":"repeat","background-position":"center center","background-size":"auto","background-attachment":"scroll","background-type":"","background-media":"","overlay-type":"","overlay-color":"","overlay-opacity":"","overlay-gradient":""}},"ast-content-background-meta":{"desktop":{"background-color":"var(--ast-global-color-5)","background-image":"","background-repeat":"repeat","background-position":"center center","background-size":"auto","background-attachment":"scroll","background-type":"","background-media":"","overlay-type":"","overlay-color":"","overlay-opacity":"","overlay-gradient":""},"tablet":{"background-color":"var(--ast-global-color-5)","background-image":"","background-repeat":"repeat","background-position":"center center","background-size":"auto","background-attachment":"scroll","background-type":"","background-media":"","overlay-type":"","overlay-color":"","overlay-opacity":"","overlay-gradient":""},"mobile":{"background-color":"var(--ast-global-color-5)","background-image":"","background-repeat":"repeat","background-position":"center center","background-size":"auto","background-attachment":"scroll","background-type":"","background-media":"","overlay-type":"","overlay-color":"","overlay-opacity":"","overlay-gradient":""}},"footnotes":""},"categories":[26],"tags":[31,32,33],"class_list":["post-3510","post","type-post","status-publish","format-standard","has-post-thumbnail","hentry","category-tecnicas-restauracion","tag-germinacion","tag-semillas","tag-siembra-directa"],"aioseo_notices":[],"aioseo_head":"\n\t\t<!-- All in One SEO 5.0.1.1 - aioseo.com -->\n\t<meta name=\"description\" content=\"Las plantas mediterr\u00e1neas utilizan distintas estrategias para maximizar la supervivencia de sus semillas. Con\u00f3celas para empezar a germinar tus propias plantas.\" \/>\n\t<meta name=\"robots\" content=\"max-image-preview:large\" \/>\n\t<meta name=\"author\" content=\"ARBA Vega Baja\"\/>\n\t<link rel=\"canonical\" href=\"https:\/\/arbavegabaja.com\/en\/germinacion-de-semillas-autoctonas-mediterraneas-proximamente\/\" \/>\n\t<meta name=\"generator\" content=\"All in One SEO (AIOSEO) 5.0.1.1\" \/>\n\t\t<meta property=\"og:locale\" content=\"en_GB\" \/>\n\t\t<meta property=\"og:site_name\" content=\"arbavegabaja.com - Web de ARBA Vega Baja, asociaci\u00f3n local para la recuperaci\u00f3n de la vegetaci\u00f3n aut\u00f3ctona\" \/>\n\t\t<meta property=\"og:type\" content=\"article\" \/>\n\t\t<meta property=\"og:title\" content=\"Germinaci\u00f3n de semillas aut\u00f3ctonas mediterr\u00e1neas (pr\u00f3ximamente)\" \/>\n\t\t<meta property=\"og:description\" content=\"Las plantas mediterr\u00e1neas utilizan distintas estrategias para maximizar la supervivencia de sus semillas. Con\u00f3celas para empezar a germinar tus propias plantas.\" \/>\n\t\t<meta property=\"og:url\" content=\"https:\/\/arbavegabaja.com\/en\/germinacion-de-semillas-autoctonas-mediterraneas-proximamente\/\" \/>\n\t\t<meta property=\"og:image\" content=\"https:\/\/arbavegabaja.com\/wp-content\/uploads\/2026\/08\/Plantulas-16-9-compressed.jpg\" \/>\n\t\t<meta property=\"og:image:secure_url\" content=\"https:\/\/arbavegabaja.com\/wp-content\/uploads\/2026\/08\/Plantulas-16-9-compressed.jpg\" \/>\n\t\t<meta property=\"og:image:width\" content=\"1200\" \/>\n\t\t<meta property=\"og:image:height\" content=\"675\" \/>\n\t\t<meta property=\"article:published_time\" content=\"2026-08-24T21:21:53+00:00\" \/>\n\t\t<meta property=\"article:modified_time\" content=\"2026-09-02T08:13:59+00:00\" \/>\n\t\t<meta name=\"twitter:card\" content=\"summary_large_image\" \/>\n\t\t<meta name=\"twitter:title\" content=\"Germinaci\u00f3n de semillas aut\u00f3ctonas mediterr\u00e1neas (pr\u00f3ximamente)\" \/>\n\t\t<meta name=\"twitter:description\" content=\"Las plantas mediterr\u00e1neas utilizan distintas estrategias para maximizar la supervivencia de sus semillas. Con\u00f3celas para empezar a germinar tus propias plantas.\" \/>\n\t\t<meta name=\"twitter:image\" content=\"https:\/\/arbavegabaja.com\/wp-content\/uploads\/2026\/08\/Plantulas-16-9-compressed.jpg\" \/>\n\t\t<script type=\"application\/ld+json\" class=\"aioseo-schema\">\n\t\t\t{\"@context\":\"https:\\\/\\\/schema.org\",\"@graph\":[{\"@type\":\"BlogPosting\",\"@id\":\"https:\\\/\\\/arbavegabaja.com\\\/en\\\/germinacion-de-semillas-autoctonas-mediterraneas-proximamente\\\/#blogposting\",\"name\":\"Germinaci\\u00f3n de semillas aut\\u00f3ctonas mediterr\\u00e1neas (pr\\u00f3ximamente)\",\"headline\":\"Germinaci\\u00f3n de semillas aut\\u00f3ctonas mediterr\\u00e1neas (pr\\u00f3ximamente)\",\"author\":{\"@id\":\"https:\\\/\\\/arbavegabaja.com\\\/en\\\/author\\\/oliviergil80gmail-com\\\/#author\"},\"publisher\":{\"@id\":\"https:\\\/\\\/arbavegabaja.com\\\/en\\\/#organization\"},\"image\":{\"@type\":\"ImageObject\",\"url\":\"https:\\\/\\\/arbavegabaja.com\\\/wp-content\\\/uploads\\\/2026\\\/08\\\/Plantulas-16-9-compressed.jpg\",\"width\":1200,\"height\":675},\"datePublished\":\"2026-08-24T21:21:53+00:00\",\"dateModified\":\"2026-09-02T08:13:59+00:00\",\"inLanguage\":\"en-GB\",\"mainEntityOfPage\":{\"@id\":\"https:\\\/\\\/arbavegabaja.com\\\/en\\\/germinacion-de-semillas-autoctonas-mediterraneas-proximamente\\\/#webpage\"},\"isPartOf\":{\"@id\":\"https:\\\/\\\/arbavegabaja.com\\\/en\\\/germinacion-de-semillas-autoctonas-mediterraneas-proximamente\\\/#webpage\"},\"articleSection\":\"T\\u00e9cnicas de restauraci\\u00f3n, germinaci\\u00f3n, semillas, siembra directa\"},{\"@type\":\"BreadcrumbList\",\"@id\":\"https:\\\/\\\/arbavegabaja.com\\\/en\\\/germinacion-de-semillas-autoctonas-mediterraneas-proximamente\\\/#breadcrumblist\",\"itemListElement\":[{\"@type\":\"ListItem\",\"@id\":\"https:\\\/\\\/arbavegabaja.com\\\/en#listItem\",\"position\":1,\"name\":\"Home\",\"item\":\"https:\\\/\\\/arbavegabaja.com\\\/en\",\"nextItem\":{\"@type\":\"ListItem\",\"@id\":\"https:\\\/\\\/arbavegabaja.com\\\/en\\\/category\\\/tecnicas-restauracion\\\/#listItem\",\"name\":\"T\\u00e9cnicas de restauraci\\u00f3n\"}},{\"@type\":\"ListItem\",\"@id\":\"https:\\\/\\\/arbavegabaja.com\\\/en\\\/category\\\/tecnicas-restauracion\\\/#listItem\",\"position\":2,\"name\":\"T\\u00e9cnicas de restauraci\\u00f3n\",\"item\":\"https:\\\/\\\/arbavegabaja.com\\\/en\\\/category\\\/tecnicas-restauracion\\\/\",\"nextItem\":{\"@type\":\"ListItem\",\"@id\":\"https:\\\/\\\/arbavegabaja.com\\\/en\\\/germinacion-de-semillas-autoctonas-mediterraneas-proximamente\\\/#listItem\",\"name\":\"Germinaci\\u00f3n de semillas aut\\u00f3ctonas mediterr\\u00e1neas (pr\\u00f3ximamente)\"},\"previousItem\":{\"@type\":\"ListItem\",\"@id\":\"https:\\\/\\\/arbavegabaja.com\\\/en#listItem\",\"name\":\"Home\"}},{\"@type\":\"ListItem\",\"@id\":\"https:\\\/\\\/arbavegabaja.com\\\/en\\\/germinacion-de-semillas-autoctonas-mediterraneas-proximamente\\\/#listItem\",\"position\":3,\"name\":\"Germinaci\\u00f3n de semillas aut\\u00f3ctonas mediterr\\u00e1neas (pr\\u00f3ximamente)\",\"previousItem\":{\"@type\":\"ListItem\",\"@id\":\"https:\\\/\\\/arbavegabaja.com\\\/en\\\/category\\\/tecnicas-restauracion\\\/#listItem\",\"name\":\"T\\u00e9cnicas de restauraci\\u00f3n\"}}]},{\"@type\":\"Organization\",\"@id\":\"https:\\\/\\\/arbavegabaja.com\\\/en\\\/#organization\",\"name\":\"arbavegabaja.com\",\"description\":\"Web de ARBA Vega Baja, asociaci\\u00f3n local para la recuperaci\\u00f3n de la vegetaci\\u00f3n aut\\u00f3ctona\",\"url\":\"https:\\\/\\\/arbavegabaja.com\\\/en\\\/\",\"logo\":{\"@type\":\"ImageObject\",\"url\":\"https:\\\/\\\/arbavegabaja.com\\\/wp-content\\\/uploads\\\/2026\\\/01\\\/Logo-BN-sin-fondo-1.png\",\"@id\":\"https:\\\/\\\/arbavegabaja.com\\\/en\\\/germinacion-de-semillas-autoctonas-mediterraneas-proximamente\\\/#organizationLogo\",\"width\":1155,\"height\":843,\"caption\":\"logo bn sin fondo\"},\"image\":{\"@id\":\"https:\\\/\\\/arbavegabaja.com\\\/en\\\/germinacion-de-semillas-autoctonas-mediterraneas-proximamente\\\/#organizationLogo\"}},{\"@type\":\"Person\",\"@id\":\"https:\\\/\\\/arbavegabaja.com\\\/en\\\/author\\\/oliviergil80gmail-com\\\/#author\",\"url\":\"https:\\\/\\\/arbavegabaja.com\\\/en\\\/author\\\/oliviergil80gmail-com\\\/\",\"name\":\"ARBA Vega Baja\",\"image\":{\"@type\":\"ImageObject\",\"@id\":\"https:\\\/\\\/arbavegabaja.com\\\/en\\\/germinacion-de-semillas-autoctonas-mediterraneas-proximamente\\\/#authorImage\",\"url\":\"https:\\\/\\\/secure.gravatar.com\\\/avatar\\\/00912809148f16e9409e01e3c7bbb4ac6184e55389ab111ada94644afa9f7ebb?s=96&d=mm&r=g\",\"width\":96,\"height\":96,\"caption\":\"ARBA Vega Baja\"}},{\"@type\":\"WebPage\",\"@id\":\"https:\\\/\\\/arbavegabaja.com\\\/en\\\/germinacion-de-semillas-autoctonas-mediterraneas-proximamente\\\/#webpage\",\"url\":\"https:\\\/\\\/arbavegabaja.com\\\/en\\\/germinacion-de-semillas-autoctonas-mediterraneas-proximamente\\\/\",\"name\":\"Germinaci\\u00f3n de semillas aut\\u00f3ctonas mediterr\\u00e1neas (pr\\u00f3ximamente)\",\"description\":\"Las plantas mediterr\\u00e1neas utilizan distintas estrategias para maximizar la supervivencia de sus semillas. Con\\u00f3celas para empezar a germinar tus propias plantas.\",\"inLanguage\":\"en-GB\",\"isPartOf\":{\"@id\":\"https:\\\/\\\/arbavegabaja.com\\\/en\\\/#website\"},\"breadcrumb\":{\"@id\":\"https:\\\/\\\/arbavegabaja.com\\\/en\\\/germinacion-de-semillas-autoctonas-mediterraneas-proximamente\\\/#breadcrumblist\"},\"author\":{\"@id\":\"https:\\\/\\\/arbavegabaja.com\\\/en\\\/author\\\/oliviergil80gmail-com\\\/#author\"},\"creator\":{\"@id\":\"https:\\\/\\\/arbavegabaja.com\\\/en\\\/author\\\/oliviergil80gmail-com\\\/#author\"},\"image\":{\"@type\":\"ImageObject\",\"url\":\"https:\\\/\\\/arbavegabaja.com\\\/wp-content\\\/uploads\\\/2026\\\/08\\\/Plantulas-16-9-compressed.jpg\",\"@id\":\"https:\\\/\\\/arbavegabaja.com\\\/en\\\/germinacion-de-semillas-autoctonas-mediterraneas-proximamente\\\/#mainImage\",\"width\":1200,\"height\":675},\"primaryImageOfPage\":{\"@id\":\"https:\\\/\\\/arbavegabaja.com\\\/en\\\/germinacion-de-semillas-autoctonas-mediterraneas-proximamente\\\/#mainImage\"},\"datePublished\":\"2026-08-24T21:21:53+00:00\",\"dateModified\":\"2026-09-02T08:13:59+00:00\"},{\"@type\":\"WebSite\",\"@id\":\"https:\\\/\\\/arbavegabaja.com\\\/en\\\/#website\",\"url\":\"https:\\\/\\\/arbavegabaja.com\\\/en\\\/\",\"name\":\"arbavegabaja.com\",\"description\":\"Web de ARBA Vega Baja, asociaci\\u00f3n local para la recuperaci\\u00f3n de la vegetaci\\u00f3n aut\\u00f3ctona\",\"inLanguage\":\"en-GB\",\"publisher\":{\"@id\":\"https:\\\/\\\/arbavegabaja.com\\\/en\\\/#organization\"}}]}\n\t\t<\/script>\n\t\t<!-- All in One SEO -->\n\n","aioseo_head_json":{"title":"Germination of mediterranean native seeds (coming soon)","description":"Mediterranean plants use different strategies to maximise the survival of their seeds. Get to know them to start germinating your own plants.","canonical_url":"https:\/\/arbavegabaja.com\/en\/germinacion-de-semillas-autoctonas-mediterraneas-proximamente\/","robots":"max-image-preview:large","keywords":"","webmasterTools":{"miscellaneous":""},"schema":{"@context":"https:\/\/schema.org","@graph":[{"@type":"BlogPosting","@id":"https:\/\/arbavegabaja.com\/en\/germinacion-de-semillas-autoctonas-mediterraneas-proximamente\/#blogposting","name":"Germinaci\u00f3n de semillas aut\u00f3ctonas mediterr\u00e1neas (pr\u00f3ximamente)","headline":"Germinaci\u00f3n de semillas aut\u00f3ctonas mediterr\u00e1neas (pr\u00f3ximamente)","author":{"@id":"https:\/\/arbavegabaja.com\/en\/author\/oliviergil80gmail-com\/#author"},"publisher":{"@id":"https:\/\/arbavegabaja.com\/en\/#organization"},"image":{"@type":"ImageObject","url":"https:\/\/arbavegabaja.com\/wp-content\/uploads\/2026\/08\/Plantulas-16-9-compressed.jpg","width":1200,"height":675},"datePublished":"2026-08-24T21:21:53+00:00","dateModified":"2026-09-02T08:13:59+00:00","inLanguage":"en-GB","mainEntityOfPage":{"@id":"https:\/\/arbavegabaja.com\/en\/germinacion-de-semillas-autoctonas-mediterraneas-proximamente\/#webpage"},"isPartOf":{"@id":"https:\/\/arbavegabaja.com\/en\/germinacion-de-semillas-autoctonas-mediterraneas-proximamente\/#webpage"},"articleSection":"T\u00e9cnicas de restauraci\u00f3n, germinaci\u00f3n, semillas, siembra directa"},{"@type":"BreadcrumbList","@id":"https:\/\/arbavegabaja.com\/en\/germinacion-de-semillas-autoctonas-mediterraneas-proximamente\/#breadcrumblist","itemListElement":[{"@type":"ListItem","@id":"https:\/\/arbavegabaja.com\/en#listItem","position":1,"name":"Home","item":"https:\/\/arbavegabaja.com\/en","nextItem":{"@type":"ListItem","@id":"https:\/\/arbavegabaja.com\/en\/category\/tecnicas-restauracion\/#listItem","name":"T\u00e9cnicas de restauraci\u00f3n"}},{"@type":"ListItem","@id":"https:\/\/arbavegabaja.com\/en\/category\/tecnicas-restauracion\/#listItem","position":2,"name":"T\u00e9cnicas de restauraci\u00f3n","item":"https:\/\/arbavegabaja.com\/en\/category\/tecnicas-restauracion\/","nextItem":{"@type":"ListItem","@id":"https:\/\/arbavegabaja.com\/en\/germinacion-de-semillas-autoctonas-mediterraneas-proximamente\/#listItem","name":"Germinaci\u00f3n de semillas aut\u00f3ctonas mediterr\u00e1neas (pr\u00f3ximamente)"},"previousItem":{"@type":"ListItem","@id":"https:\/\/arbavegabaja.com\/en#listItem","name":"Home"}},{"@type":"ListItem","@id":"https:\/\/arbavegabaja.com\/en\/germinacion-de-semillas-autoctonas-mediterraneas-proximamente\/#listItem","position":3,"name":"Germinaci\u00f3n de semillas aut\u00f3ctonas mediterr\u00e1neas (pr\u00f3ximamente)","previousItem":{"@type":"ListItem","@id":"https:\/\/arbavegabaja.com\/en\/category\/tecnicas-restauracion\/#listItem","name":"T\u00e9cnicas de restauraci\u00f3n"}}]},{"@type":"Organization","@id":"https:\/\/arbavegabaja.com\/en\/#organization","name":"arbavegabaja.com","description":"Web de ARBA Vega Baja, asociaci\u00f3n local para la recuperaci\u00f3n de la vegetaci\u00f3n aut\u00f3ctona","url":"https:\/\/arbavegabaja.com\/en\/","logo":{"@type":"ImageObject","url":"https:\/\/arbavegabaja.com\/wp-content\/uploads\/2026\/01\/Logo-BN-sin-fondo-1.png","@id":"https:\/\/arbavegabaja.com\/en\/germinacion-de-semillas-autoctonas-mediterraneas-proximamente\/#organizationLogo","width":1155,"height":843,"caption":"logo bn sin fondo"},"image":{"@id":"https:\/\/arbavegabaja.com\/en\/germinacion-de-semillas-autoctonas-mediterraneas-proximamente\/#organizationLogo"}},{"@type":"Person","@id":"https:\/\/arbavegabaja.com\/en\/author\/oliviergil80gmail-com\/#author","url":"https:\/\/arbavegabaja.com\/en\/author\/oliviergil80gmail-com\/","name":"ARBA Vega Baja","image":{"@type":"ImageObject","@id":"https:\/\/arbavegabaja.com\/en\/germinacion-de-semillas-autoctonas-mediterraneas-proximamente\/#authorImage","url":"https:\/\/secure.gravatar.com\/avatar\/00912809148f16e9409e01e3c7bbb4ac6184e55389ab111ada94644afa9f7ebb?s=96&d=mm&r=g","width":96,"height":96,"caption":"ARBA Vega Baja"}},{"@type":"WebPage","@id":"https:\/\/arbavegabaja.com\/en\/germinacion-de-semillas-autoctonas-mediterraneas-proximamente\/#webpage","url":"https:\/\/arbavegabaja.com\/en\/germinacion-de-semillas-autoctonas-mediterraneas-proximamente\/","name":"Germinaci\u00f3n de semillas aut\u00f3ctonas mediterr\u00e1neas (pr\u00f3ximamente)","description":"Las plantas mediterr\u00e1neas utilizan distintas estrategias para maximizar la supervivencia de sus semillas. Con\u00f3celas para empezar a germinar tus propias plantas.","inLanguage":"en-GB","isPartOf":{"@id":"https:\/\/arbavegabaja.com\/en\/#website"},"breadcrumb":{"@id":"https:\/\/arbavegabaja.com\/en\/germinacion-de-semillas-autoctonas-mediterraneas-proximamente\/#breadcrumblist"},"author":{"@id":"https:\/\/arbavegabaja.com\/en\/author\/oliviergil80gmail-com\/#author"},"creator":{"@id":"https:\/\/arbavegabaja.com\/en\/author\/oliviergil80gmail-com\/#author"},"image":{"@type":"ImageObject","url":"https:\/\/arbavegabaja.com\/wp-content\/uploads\/2026\/08\/Plantulas-16-9-compressed.jpg","@id":"https:\/\/arbavegabaja.com\/en\/germinacion-de-semillas-autoctonas-mediterraneas-proximamente\/#mainImage","width":1200,"height":675},"primaryImageOfPage":{"@id":"https:\/\/arbavegabaja.com\/en\/germinacion-de-semillas-autoctonas-mediterraneas-proximamente\/#mainImage"},"datePublished":"2026-08-24T21:21:53+00:00","dateModified":"2026-09-02T08:13:59+00:00"},{"@type":"WebSite","@id":"https:\/\/arbavegabaja.com\/en\/#website","url":"https:\/\/arbavegabaja.com\/en\/","name":"arbavegabaja.com","description":"Web de ARBA Vega Baja, asociaci\u00f3n local para la recuperaci\u00f3n de la vegetaci\u00f3n aut\u00f3ctona","inLanguage":"en-GB","publisher":{"@id":"https:\/\/arbavegabaja.com\/en\/#organization"}}]},"og:locale":"en_GB","og:site_name":"arbavegabaja.com - Web de ARBA Vega Baja, asociaci\u00f3n local para la recuperaci\u00f3n de la vegetaci\u00f3n aut\u00f3ctona","og:type":"article","og:title":"Germinaci\u00f3n de semillas aut\u00f3ctonas mediterr\u00e1neas (pr\u00f3ximamente)","og:description":"Las plantas mediterr\u00e1neas utilizan distintas estrategias para maximizar la supervivencia de sus semillas. Con\u00f3celas para empezar a germinar tus propias plantas.","og:url":"https:\/\/arbavegabaja.com\/en\/germinacion-de-semillas-autoctonas-mediterraneas-proximamente\/","og:image":"https:\/\/arbavegabaja.com\/wp-content\/uploads\/2026\/08\/Plantulas-16-9-compressed.jpg","og:image:secure_url":"https:\/\/arbavegabaja.com\/wp-content\/uploads\/2026\/08\/Plantulas-16-9-compressed.jpg","og:image:width":"1200","og:image:height":"675","article:published_time":"2026-08-24T21:21:53+00:00","article:modified_time":"2026-09-02T08:13:59+00:00","twitter:card":"summary_large_image","twitter:title":"Germinaci\u00f3n de semillas aut\u00f3ctonas mediterr\u00e1neas (pr\u00f3ximamente)","twitter:description":"Las plantas mediterr\u00e1neas utilizan distintas estrategias para maximizar la supervivencia de sus semillas. Con\u00f3celas para empezar a germinar tus propias plantas.","twitter:image":"https:\/\/arbavegabaja.com\/wp-content\/uploads\/2026\/08\/Plantulas-16-9-compressed.jpg"},"aioseo_meta_data":{"post_id":"3510","title":"#post_title","description":"Mediterranean plants use different strategies to maximise the survival of their seeds. Get to know them to start germinating your own plants.","keywords":null,"keyphrases":{"focus":{"keyphrase":"semillas mediterr\u00e1neas","score":0,"analysis":[]},"additional":[]},"primary_term":null,"canonical_url":null,"og_title":"#post_title","og_description":"Las plantas mediterr\u00e1neas utilizan distintas estrategias para maximizar la supervivencia de sus semillas. Con\u00f3celas para empezar a germinar tus propias plantas.","og_object_type":"default","og_image_type":"featured","og_image_url":"https:\/\/arbavegabaja.com\/wp-content\/uploads\/2026\/08\/Plantulas-16-9-compressed.jpg","og_image_width":"1200","og_image_height":"675","og_image_custom_url":null,"og_image_custom_fields":null,"og_video":"","og_custom_url":null,"og_article_section":null,"og_article_tags":null,"twitter_use_og":false,"twitter_card":"default","twitter_image_type":"default","twitter_image_url":null,"twitter_image_custom_url":null,"twitter_image_custom_fields":null,"twitter_title":null,"twitter_description":null,"schema":{"blockGraphs":[],"customGraphs":[],"default":{"data":{"Article":[],"Course":[],"Dataset":[],"FAQPage":[],"Movie":[],"Person":[],"Product":[],"ProductReview":[],"Car":[],"Recipe":[],"Service":[],"SoftwareApplication":[],"WebPage":[]},"graphName":"BlogPosting","isEnabled":true},"graphs":[]},"schema_type":"default","schema_type_options":null,"pillar_content":false,"robots_default":true,"robots_noindex":false,"robots_noarchive":false,"robots_nosnippet":false,"robots_nofollow":false,"robots_noimageindex":false,"robots_noodp":false,"robots_notranslate":false,"robots_max_snippet":"-1","robots_max_videopreview":"-1","robots_max_imagepreview":"large","priority":null,"frequency":"default","local_seo":null,"breadcrumb_settings":null,"limit_modified_date":false,"ai":{"faqs":[],"keyPoints":[],"schemas":[],"titles":[],"descriptions":[],"socialPosts":{"email":{"subject":"","preview":"","content":""},"linkedin":[],"twitter":[],"facebook":[],"instagram":[]}},"created":"2026-08-19 21:16:54","updated":"2026-09-02 10:01:42","seo_analyzer_scan_date":null,"focus_keyword":"semillas mediterr\u00e1neas","additional_keywords":null,"truseo_locale":null},"aioseo_breadcrumb":"<div class=\"aioseo-breadcrumbs\"><span class=\"aioseo-breadcrumb\">\n\t\t\t<a href=\"https:\/\/arbavegabaja.com\/en\" title=\"Home\">Home<\/a>\n\t\t<\/span><span class=\"aioseo-breadcrumb-separator\">&raquo;<\/span><span class=\"aioseo-breadcrumb\">\n\t\t\t<a href=\"https:\/\/arbavegabaja.com\/en\/category\/tecnicas-restauracion\/\" title=\"T\u00e9cnicas de restauraci\u00f3n\">T\u00e9cnicas de restauraci\u00f3n<\/a>\n\t\t<\/span><span class=\"aioseo-breadcrumb-separator\">&raquo;<\/span><span class=\"aioseo-breadcrumb\">\n\t\t\tGerminaci\u00f3n de semillas aut\u00f3ctonas mediterr\u00e1neas (pr\u00f3ximamente)\n\t\t<\/span><\/div>","aioseo_breadcrumb_json":[{"label":"Home","link":"https:\/\/arbavegabaja.com\/en"},{"label":"T\u00e9cnicas de restauraci\u00f3n","link":"https:\/\/arbavegabaja.com\/en\/category\/tecnicas-restauracion\/"},{"label":"Germinaci\u00f3n de semillas aut\u00f3ctonas mediterr\u00e1neas (pr\u00f3ximamente)","link":"https:\/\/arbavegabaja.com\/en\/germinacion-de-semillas-autoctonas-mediterraneas-proximamente\/"}],"uagb_featured_image_src":{"full":["https:\/\/arbavegabaja.com\/wp-content\/uploads\/2026\/08\/Plantulas-16-9-compressed.jpg",1200,675,false],"thumbnail":["https:\/\/arbavegabaja.com\/wp-content\/uploads\/2026\/08\/Plantulas-16-9-compressed-150x150.jpg",150,150,true],"medium":["https:\/\/arbavegabaja.com\/wp-content\/uploads\/2026\/08\/Plantulas-16-9-compressed-300x169.jpg",300,169,true],"medium_large":["https:\/\/arbavegabaja.com\/wp-content\/uploads\/2026\/08\/Plantulas-16-9-compressed-768x432.jpg",768,432,true],"large":["https:\/\/arbavegabaja.com\/wp-content\/uploads\/2026\/08\/Plantulas-16-9-compressed-1024x576.jpg",1024,576,true],"1536x1536":["https:\/\/arbavegabaja.com\/wp-content\/uploads\/2026\/08\/Plantulas-16-9-compressed.jpg",1200,675,false],"2048x2048":["https:\/\/arbavegabaja.com\/wp-content\/uploads\/2026\/08\/Plantulas-16-9-compressed.jpg",1200,675,false],"trp-custom-language-flag":["https:\/\/arbavegabaja.com\/wp-content\/uploads\/2026\/08\/Plantulas-16-9-compressed-18x10.jpg",18,10,true],"woocommerce_thumbnail":["https:\/\/arbavegabaja.com\/wp-content\/uploads\/2026\/08\/Plantulas-16-9-compressed-300x300.jpg",300,300,true],"woocommerce_single":["https:\/\/arbavegabaja.com\/wp-content\/uploads\/2026\/08\/Plantulas-16-9-compressed-600x338.jpg",600,338,true],"woocommerce_gallery_thumbnail":["https:\/\/arbavegabaja.com\/wp-content\/uploads\/2026\/08\/Plantulas-16-9-compressed-100x100.jpg",100,100,true]},"uagb_author_info":{"display_name":"ARBA Vega Baja","author_link":"https:\/\/arbavegabaja.com\/en\/author\/oliviergil80gmail-com\/"},"uagb_comment_info":0,"uagb_excerpt":"Germinaci\u00f3n de semillas aut\u00f3ctonas mediterr\u00e1neas (proximamente) Pr\u00f3ximamente, c\u00f3mo cultivar tus propias plantas aut\u00f3ctonas a partir de la germinaci\u00f3n de semillas [&hellip;]","_links":{"self":[{"href":"https:\/\/arbavegabaja.com\/en\/wp-json\/wp\/v2\/posts\/3510","targetHints":{"allow":["GET"]}}],"collection":[{"href":"https:\/\/arbavegabaja.com\/en\/wp-json\/wp\/v2\/posts"}],"about":[{"href":"https:\/\/arbavegabaja.com\/en\/wp-json\/wp\/v2\/types\/post"}],"author":[{"embeddable":true,"href":"https:\/\/arbavegabaja.com\/en\/wp-json\/wp\/v2\/users\/1"}],"replies":[{"embeddable":true,"href":"https:\/\/arbavegabaja.com\/en\/wp-json\/wp\/v2\/comments?post=3510"}],"version-history":[{"count":3,"href":"https:\/\/arbavegabaja.com\/en\/wp-json\/wp\/v2\/posts\/3510\/revisions"}],"predecessor-version":[{"id":3969,"href":"https:\/\/arbavegabaja.com\/en\/wp-json\/wp\/v2\/posts\/3510\/revisions\/3969"}],"wp:featuredmedia":[{"embeddable":true,"href":"https:\/\/arbavegabaja.com\/en\/wp-json\/wp\/v2\/media\/3348"}],"wp:attachment":[{"href":"https:\/\/arbavegabaja.com\/en\/wp-json\/wp\/v2\/media?parent=3510"}],"wp:term":[{"taxonomy":"category","embeddable":true,"href":"https:\/\/arbavegabaja.com\/en\/wp-json\/wp\/v2\/categories?post=3510"},{"taxonomy":"post_tag","embeddable":true,"href":"https:\/\/arbavegabaja.com\/en\/wp-json\/wp\/v2\/tags?post=3510"}],"curies":[{"name":"wp","href":"https:\/\/api.w.org\/{rel}","templated":true}]}}