{"id":3513,"date":"2026-08-19T21:27:27","date_gmt":"2026-08-19T21:27:27","guid":{"rendered":"https:\/\/arbavegabaja.com\/?p=3513"},"modified":"2026-09-02T08:11:46","modified_gmt":"2026-09-02T08:11:46","slug":"unete-a-arba-vega-baja-juntos-recuperamos-la-vida-del-sur-de-alicante","status":"publish","type":"post","link":"https:\/\/arbavegabaja.com\/en\/unete-a-arba-vega-baja-juntos-recuperamos-la-vida-del-sur-de-alicante\/","title":{"rendered":"Join ARBA Vega Baja: let's recover life in southern Alicante!"},"content":{"rendered":"<div class=\"wp-block-uagb-advanced-heading uagb-block-0fc5aa5d\"><h1 class=\"uagb-heading-text\"><strong><strong>Join ARBA Vega Baja: let's recover life in southern Alicante!<\/strong><\/strong><\/h1><\/div>\n\n\n\n<p style=\"margin-top:var(--wp--preset--spacing--30);margin-bottom:var(--wp--preset--spacing--30);font-size:18px\">Southern Alicante, with it\u00b4s unique landscape and semi-arid climate, faces challenges that we all kwow: <strong>heat waves, biodiversity loss, degraded soils...<\/strong>, all of them worsened by <strong>human activity<\/strong> in the region. But in <strong>ARBA Vega Baja<\/strong> we are not content with this assessment and we work towards a different future.<\/p>\n\n\n\n<p style=\"margin-top:var(--wp--preset--spacing--30);margin-right:0;margin-bottom:var(--wp--preset--spacing--30);margin-left:0;font-size:18px\">We are part of ARBA, a national network with more than <strong>40 groups and 2,000 members<\/strong> that, since 1986, works towards <strong>the recovery of our woods and native vegetation<\/strong>. Together with our colleagues, we are committed to a clear objetive: <strong>to breathe new life into our land<\/strong>.<\/p>\n\n\n\n<p style=\"margin-top:var(--wp--preset--spacing--30);margin-bottom:var(--wp--preset--spacing--30);font-size:18px\">For this mission, we have the scientific and technical support of the <strong>University of Alicante<\/strong> through its platform <a href=\"https:\/\/web.ua.es\/es\/r2d\/renaturem-sur-de-alicante.html\" target=\"_blank\" rel=\"noopener\" title=\"\">RENATUREM Sur de Alicante<\/a> and of <a href=\"https:\/\/semillistas.es\/\" target=\"_blank\" rel=\"noopener\" title=\"\">Semillistas<\/a>,  a leading association in the field of reforestation through direct seeding.<\/p>\n\n\n\n<div class=\"wp-block-uagb-image aligncenter uagb-block-e9079636 wp-block-uagb-image--layout-default wp-block-uagb-image--effect-static wp-block-uagb-image--align-center\"><figure class=\"wp-block-uagb-image__figure\"><img decoding=\"async\" src=\"https:\/\/arbavegabaja.com\/wp-content\/uploads\/2026\/08\/Unete-portada-16-9-compressed-1-1024x683.jpg\" alt=\"Logo ARBA Vega Baja sobre fondo de paisaje mediterraneo\" class=\"uag-image-3518\" width=\"500\" height=\"576\" title=\"Unete portada 16-9 compressed\" loading=\"lazy\" role=\"img\" \/><\/figure><\/div>\n\n\n\n<div class=\"wp-block-uagb-advanced-heading uagb-block-04ca3256\"><h2 class=\"uagb-heading-text\">Why is is urgent to act?<\/h2><\/div>\n\n\n\n<p style=\"margin-top:var(--wp--preset--spacing--30);margin-bottom:var(--wp--preset--spacing--30);font-size:18px\">In the current context of instability and dependence on external resources, the health of our environment is not a choice: it is a matter of survival. Native vegetation is the foundation that sustains our land: <strong>it protects the soil, regulates the climate, retains water and hosts biodiversity.<\/strong>Without it, <a href=\"https:\/\/arbavegabaja.com\/en\/la-desertificacion-en-la-provincia-de-alicante\/\" target=\"_blank\" rel=\"noopener\" title=\"\">the desert progresses<\/a>.<\/p>\n\n\n\n<p style=\"margin-top:var(--wp--preset--spacing--30);margin-bottom:var(--wp--preset--spacing--30);font-size:18px\">The good news is that there is a solution right at our fingertips: <strong>restore the ecosystems from their basement<\/strong>. A living soil, sustained by roots and microorganisms, acts like a sponge: it absorbs water rather than letting it run off, naturally cools the environment, contributes to cloud formation and captures carbon dioxide. Restoring native vegetation is, quite simply, <strong>recovering a balanced<\/strong> climate, water cycle and soil in our land.<\/p>\n\n\n\n<div class=\"wp-block-uagb-image aligncenter uagb-block-ca32b3bc wp-block-uagb-image--layout-default wp-block-uagb-image--effect-static wp-block-uagb-image--align-center\"><figure class=\"wp-block-uagb-image__figure\"><img decoding=\"async\" src=\"https:\/\/arbavegabaja.com\/wp-content\/uploads\/2026\/08\/Entorno-sano-16-9-compressed-1024x576.jpeg\" alt=\"Paisaje sano mediterraneo\" class=\"uag-image-3519\" width=\"500\" height=\"813\" title=\"Entorno sano 16-9 compressed\" loading=\"lazy\" role=\"img\" \/><\/figure><\/div>\n\n\n\n<div class=\"wp-block-uagb-advanced-heading uagb-block-ff209d89\"><h2 class=\"uagb-heading-text\">How can you contribute?<\/h2><\/div>\n\n\n\n<p style=\"margin-top:var(--wp--preset--spacing--20);margin-bottom:var(--wp--preset--spacing--20);font-size:18px\">At <strong>ARBA Vega Baja<\/strong>, each person, business or institution can have a key role. <strong>It doesn\u2019t matter how you contribute: we all play our part.<\/strong><\/p>\n\n\n\n<ul style=\"padding-right:var(--wp--preset--spacing--50);padding-left:var(--wp--preset--spacing--50);font-size:18px\" class=\"wp-block-list\">\n<li><strong><a href=\"https:\/\/arbavegabaja.com\/en\/hazte-socio\/\" title=\"\">Become a member<\/a><\/strong>: from only <strong>5\u20ac per month<\/strong>, you\u00b4ll become an active part of the association and receive a <strong>welcome gift<\/strong>. You\u2019ll be able to have a say in decision-making and take part in activities exclusively for members.<\/li>\n\n\n\n<li><strong><a href=\"https:\/\/arbavegabaja.com\/en\/contact\/\" title=\"\">Volunteer<\/a><\/strong>: fancy <strong>getting your hands dirty for a good cause<\/strong>? Sign up for our <strong>planting and sowing days<\/strong>. We\u2019ll keep you updated on our upcoming initiatives so you can be part of the change.<\/li>\n\n\n\n<li><strong><a href=\"https:\/\/arbavegabaja.com\/en\/product\/donacion-puntual\/\" title=\"\">Make a donation<\/a><\/strong>your contribution will help us <strong>cover the costs of plants, materials and logistics<\/strong>What\u2019s more, depending on the amount, you can choose a thank-you gift!<\/li>\n\n\n\n<li><strong><a href=\"https:\/\/arbavegabaja.com\/en\/contact\/\" title=\"\">Do you know a piece of land?<\/a><\/strong> If you know of a derelict plot, whether it\u2019s yours or belongs to someone you know, <strong>let us know!<\/strong> It could be the next space to be restored.<\/li>\n<\/ul>\n\n\n\n<div class=\"wp-block-uagb-advanced-heading uagb-block-594b5f19\"><h2 class=\"uagb-heading-text\">This autumn: let\u2019s get stuck in!<\/h2><\/div>\n\n\n\n<p style=\"margin-top:var(--wp--preset--spacing--30);margin-bottom:var(--wp--preset--spacing--30);font-size:18px\">With the arrival of autumn, we kick off the loveliest time of year for our work: <strong>planting and sowing days<\/strong>. We will be joining our sister ARBAs, <a href=\"https:\/\/www.arbacartagena.org\/\" target=\"_blank\" rel=\"noopener\" title=\"\">ARBA Cartagena-La Uni\u00f3n<\/a> and <a href=\"https:\/\/www.google.com\/url?sa=t&amp;source=web&amp;rct=j&amp;opi=89978449&amp;url=https:\/\/www.facebook.com\/arbaelx\/&amp;ved=2ahUKEwiBzpHw062WAxUH8LsIHSKxFU4QFnoECC8QAQ&amp;usg=AOvVaw26VmIoFDyxBH_meCdWppAV\" target=\"_blank\" rel=\"noopener\" title=\"\">ARBA Elx<\/a>, for joint restoration days across the region. It\u2019ll be the perfect opportunity to take your first steps as a volunteer or member, see teamwork in action, and enjoy a day out with friends of the forest \u2013 both current and future.<\/p>\n\n\n\n<div class=\"wp-block-uagb-image aligncenter uagb-block-bf0874b6 wp-block-uagb-image--layout-default wp-block-uagb-image--effect-static wp-block-uagb-image--align-center\"><figure class=\"wp-block-uagb-image__figure\"><img decoding=\"async\" src=\"https:\/\/arbavegabaja.com\/wp-content\/uploads\/2026\/08\/Accion-terreno-16-9-compressed-1024x576.jpg\" alt=\"Voluntarios ARBA en acci\u00f3n\" class=\"uag-image-3521\" width=\"500\" height=\"675\" title=\"Accion terreno 16-9 compressed\" loading=\"lazy\" role=\"img\" \/><\/figure><\/div>\n\n\n\n<div class=\"wp-block-uagb-advanced-heading uagb-block-d0f604c4\"><h2 class=\"uagb-heading-text\">Contact us and join the movement!<\/h2><\/div>\n\n\n\n<p style=\"margin-top:var(--wp--preset--spacing--40);margin-bottom:var(--wp--preset--spacing--40);font-size:18px\">It doesn\u2019t matter whether you\u2019re an environmental enthusiast, a local resident concerned about your area, or a business that wants to make a contribution. <strong>At ARBA Vega Baja, there\u00b4s room for everyone.<\/strong> Visit our website, follow us on social media and, above all, <strong>contact us!<\/strong> Together, we can make the Vega Baja recover its biodiversity and resilience.<\/p>\n\n\n\n<div class=\"wp-block-buttons is-content-justification-center is-layout-flex wp-container-core-buttons-is-layout-a89b3969 wp-block-buttons-is-layout-flex\">\n<div class=\"wp-block-button\"><a class=\"wp-block-button__link wp-element-button\" href=\"https:\/\/arbavegabaja.com\/en\/contact\/\"><strong>Contact us<\/strong><\/a><\/div>\n<\/div>","protected":false},"excerpt":{"rendered":"<p>\u00danete a ARBA Vega Baja: \u00a1juntos recuperamos la vida del sur de Alicante! El sur de Alicante, con su paisaje [&hellip;]<\/p>\n","protected":false},"author":1,"featured_media":3516,"comment_status":"closed","ping_status":"closed","sticky":false,"template":"","format":"standard","meta":{"_uag_custom_page_level_css":"","site-sidebar-layout":"default","site-content-layout":"","ast-site-content-layout":"default","site-content-style":"default","site-sidebar-style":"default","ast-global-header-display":"","ast-banner-title-visibility":"","ast-main-header-display":"","ast-hfb-above-header-display":"","ast-hfb-below-header-display":"","ast-hfb-mobile-header-display":"","site-post-title":"disabled","ast-breadcrumbs-content":"","ast-featured-img":"","footer-sml-layout":"","ast-disable-related-posts":"","theme-transparent-header-meta":"","adv-header-id-meta":"","stick-header-meta":"","header-above-stick-meta":"","header-main-stick-meta":"","header-below-stick-meta":"","astra-migrate-meta-layouts":"set","ast-page-background-enabled":"default","ast-page-background-meta":{"desktop":{"background-color":"var(--ast-global-color-4)","background-image":"","background-repeat":"repeat","background-position":"center center","background-size":"auto","background-attachment":"scroll","background-type":"","background-media":"","overlay-type":"","overlay-color":"","overlay-opacity":"","overlay-gradient":""},"tablet":{"background-color":"","background-image":"","background-repeat":"repeat","background-position":"center center","background-size":"auto","background-attachment":"scroll","background-type":"","background-media":"","overlay-type":"","overlay-color":"","overlay-opacity":"","overlay-gradient":""},"mobile":{"background-color":"","background-image":"","background-repeat":"repeat","background-position":"center center","background-size":"auto","background-attachment":"scroll","background-type":"","background-media":"","overlay-type":"","overlay-color":"","overlay-opacity":"","overlay-gradient":""}},"ast-content-background-meta":{"desktop":{"background-color":"var(--ast-global-color-5)","background-image":"","background-repeat":"repeat","background-position":"center center","background-size":"auto","background-attachment":"scroll","background-type":"","background-media":"","overlay-type":"","overlay-color":"","overlay-opacity":"","overlay-gradient":""},"tablet":{"background-color":"var(--ast-global-color-5)","background-image":"","background-repeat":"repeat","background-position":"center center","background-size":"auto","background-attachment":"scroll","background-type":"","background-media":"","overlay-type":"","overlay-color":"","overlay-opacity":"","overlay-gradient":""},"mobile":{"background-color":"var(--ast-global-color-5)","background-image":"","background-repeat":"repeat","background-position":"center center","background-size":"auto","background-attachment":"scroll","background-type":"","background-media":"","overlay-type":"","overlay-color":"","overlay-opacity":"","overlay-gradient":""}},"footnotes":""},"categories":[30],"tags":[],"class_list":["post-3513","post","type-post","status-publish","format-standard","has-post-thumbnail","hentry","category-noticias"],"aioseo_notices":[],"aioseo_head":"\n\t\t<!-- All in One SEO 5.0.1.1 - aioseo.com -->\n\t<meta name=\"description\" content=\"La recuperaci\u00f3n de una vegetaci\u00f3n aut\u00f3ctona sana es la base para una Vega Baja fuerte y resiliente. \u00a1Conoce nuestro trabajo y \u00fanete al movimiento!\" \/>\n\t<meta name=\"robots\" content=\"max-image-preview:large\" \/>\n\t<meta name=\"author\" content=\"ARBA Vega Baja\"\/>\n\t<link rel=\"canonical\" href=\"https:\/\/arbavegabaja.com\/en\/unete-a-arba-vega-baja-juntos-recuperamos-la-vida-del-sur-de-alicante\/\" \/>\n\t<meta name=\"generator\" content=\"All in One SEO (AIOSEO) 5.0.1.1\" \/>\n\t\t<meta property=\"og:locale\" content=\"en_GB\" \/>\n\t\t<meta property=\"og:site_name\" content=\"arbavegabaja.com - Web de ARBA Vega Baja, asociaci\u00f3n local para la recuperaci\u00f3n de la vegetaci\u00f3n aut\u00f3ctona\" \/>\n\t\t<meta property=\"og:type\" content=\"article\" \/>\n\t\t<meta property=\"og:title\" content=\"\u00danete a ARBA Vega Baja: \u00a1juntos recuperamos la vida del sur de Alicante!\" \/>\n\t\t<meta property=\"og:description\" content=\"La recuperaci\u00f3n de una vegetaci\u00f3n aut\u00f3ctona sana es la base para una Vega Baja fuerte y resiliente. \u00a1Conoce nuestro trabajo y \u00fanete al movimiento!\" \/>\n\t\t<meta property=\"og:url\" content=\"https:\/\/arbavegabaja.com\/en\/unete-a-arba-vega-baja-juntos-recuperamos-la-vida-del-sur-de-alicante\/\" \/>\n\t\t<meta property=\"og:image\" content=\"https:\/\/arbavegabaja.com\/wp-content\/uploads\/2026\/08\/Unete-portada-16-9-compressed.jpg\" \/>\n\t\t<meta property=\"og:image:secure_url\" content=\"https:\/\/arbavegabaja.com\/wp-content\/uploads\/2026\/08\/Unete-portada-16-9-compressed.jpg\" \/>\n\t\t<meta property=\"og:image:width\" content=\"1200\" \/>\n\t\t<meta property=\"og:image:height\" content=\"800\" \/>\n\t\t<meta property=\"article:published_time\" content=\"2026-08-19T21:27:27+00:00\" \/>\n\t\t<meta property=\"article:modified_time\" content=\"2026-09-02T08:11:46+00:00\" \/>\n\t\t<meta name=\"twitter:card\" content=\"summary_large_image\" \/>\n\t\t<meta name=\"twitter:title\" content=\"\u00danete a ARBA Vega Baja: \u00a1juntos recuperamos la vida del sur de Alicante!\" \/>\n\t\t<meta name=\"twitter:description\" content=\"La recuperaci\u00f3n de una vegetaci\u00f3n aut\u00f3ctona sana es la base para una Vega Baja fuerte y resiliente. \u00a1Conoce nuestro trabajo y \u00fanete al movimiento!\" \/>\n\t\t<meta name=\"twitter:image\" content=\"https:\/\/arbavegabaja.com\/wp-content\/uploads\/2026\/08\/Unete-portada-16-9-compressed.jpg\" \/>\n\t\t<script type=\"application\/ld+json\" class=\"aioseo-schema\">\n\t\t\t{\"@context\":\"https:\\\/\\\/schema.org\",\"@graph\":[{\"@type\":\"BlogPosting\",\"@id\":\"https:\\\/\\\/arbavegabaja.com\\\/en\\\/unete-a-arba-vega-baja-juntos-recuperamos-la-vida-del-sur-de-alicante\\\/#blogposting\",\"name\":\"\\u00danete a ARBA Vega Baja: \\u00a1juntos recuperamos la vida del sur de Alicante!\",\"headline\":\"\\u00danete a ARBA Vega Baja: \\u00a1juntos recuperamos la vida del sur de Alicante!\",\"author\":{\"@id\":\"https:\\\/\\\/arbavegabaja.com\\\/en\\\/author\\\/oliviergil80gmail-com\\\/#author\"},\"publisher\":{\"@id\":\"https:\\\/\\\/arbavegabaja.com\\\/en\\\/#organization\"},\"image\":{\"@type\":\"ImageObject\",\"url\":\"https:\\\/\\\/arbavegabaja.com\\\/wp-content\\\/uploads\\\/2026\\\/08\\\/Unete-portada-16-9-compressed.jpg\",\"width\":1200,\"height\":800},\"datePublished\":\"2026-08-19T21:27:27+00:00\",\"dateModified\":\"2026-09-02T08:11:46+00:00\",\"inLanguage\":\"en-GB\",\"mainEntityOfPage\":{\"@id\":\"https:\\\/\\\/arbavegabaja.com\\\/en\\\/unete-a-arba-vega-baja-juntos-recuperamos-la-vida-del-sur-de-alicante\\\/#webpage\"},\"isPartOf\":{\"@id\":\"https:\\\/\\\/arbavegabaja.com\\\/en\\\/unete-a-arba-vega-baja-juntos-recuperamos-la-vida-del-sur-de-alicante\\\/#webpage\"},\"articleSection\":\"Noticias\"},{\"@type\":\"BreadcrumbList\",\"@id\":\"https:\\\/\\\/arbavegabaja.com\\\/en\\\/unete-a-arba-vega-baja-juntos-recuperamos-la-vida-del-sur-de-alicante\\\/#breadcrumblist\",\"itemListElement\":[{\"@type\":\"ListItem\",\"@id\":\"https:\\\/\\\/arbavegabaja.com\\\/en#listItem\",\"position\":1,\"name\":\"Home\",\"item\":\"https:\\\/\\\/arbavegabaja.com\\\/en\",\"nextItem\":{\"@type\":\"ListItem\",\"@id\":\"https:\\\/\\\/arbavegabaja.com\\\/en\\\/category\\\/noticias\\\/#listItem\",\"name\":\"Noticias\"}},{\"@type\":\"ListItem\",\"@id\":\"https:\\\/\\\/arbavegabaja.com\\\/en\\\/category\\\/noticias\\\/#listItem\",\"position\":2,\"name\":\"Noticias\",\"item\":\"https:\\\/\\\/arbavegabaja.com\\\/en\\\/category\\\/noticias\\\/\",\"nextItem\":{\"@type\":\"ListItem\",\"@id\":\"https:\\\/\\\/arbavegabaja.com\\\/en\\\/unete-a-arba-vega-baja-juntos-recuperamos-la-vida-del-sur-de-alicante\\\/#listItem\",\"name\":\"\\u00danete a ARBA Vega Baja: \\u00a1juntos recuperamos la vida del sur de Alicante!\"},\"previousItem\":{\"@type\":\"ListItem\",\"@id\":\"https:\\\/\\\/arbavegabaja.com\\\/en#listItem\",\"name\":\"Home\"}},{\"@type\":\"ListItem\",\"@id\":\"https:\\\/\\\/arbavegabaja.com\\\/en\\\/unete-a-arba-vega-baja-juntos-recuperamos-la-vida-del-sur-de-alicante\\\/#listItem\",\"position\":3,\"name\":\"\\u00danete a ARBA Vega Baja: \\u00a1juntos recuperamos la vida del sur de Alicante!\",\"previousItem\":{\"@type\":\"ListItem\",\"@id\":\"https:\\\/\\\/arbavegabaja.com\\\/en\\\/category\\\/noticias\\\/#listItem\",\"name\":\"Noticias\"}}]},{\"@type\":\"Organization\",\"@id\":\"https:\\\/\\\/arbavegabaja.com\\\/en\\\/#organization\",\"name\":\"arbavegabaja.com\",\"description\":\"Web de ARBA Vega Baja, asociaci\\u00f3n local para la recuperaci\\u00f3n de la vegetaci\\u00f3n aut\\u00f3ctona\",\"url\":\"https:\\\/\\\/arbavegabaja.com\\\/en\\\/\",\"logo\":{\"@type\":\"ImageObject\",\"url\":\"https:\\\/\\\/arbavegabaja.com\\\/wp-content\\\/uploads\\\/2026\\\/01\\\/Logo-BN-sin-fondo-1.png\",\"@id\":\"https:\\\/\\\/arbavegabaja.com\\\/en\\\/unete-a-arba-vega-baja-juntos-recuperamos-la-vida-del-sur-de-alicante\\\/#organizationLogo\",\"width\":1155,\"height\":843,\"caption\":\"logo bn sin fondo\"},\"image\":{\"@id\":\"https:\\\/\\\/arbavegabaja.com\\\/en\\\/unete-a-arba-vega-baja-juntos-recuperamos-la-vida-del-sur-de-alicante\\\/#organizationLogo\"}},{\"@type\":\"Person\",\"@id\":\"https:\\\/\\\/arbavegabaja.com\\\/en\\\/author\\\/oliviergil80gmail-com\\\/#author\",\"url\":\"https:\\\/\\\/arbavegabaja.com\\\/en\\\/author\\\/oliviergil80gmail-com\\\/\",\"name\":\"ARBA Vega Baja\",\"image\":{\"@type\":\"ImageObject\",\"@id\":\"https:\\\/\\\/arbavegabaja.com\\\/en\\\/unete-a-arba-vega-baja-juntos-recuperamos-la-vida-del-sur-de-alicante\\\/#authorImage\",\"url\":\"https:\\\/\\\/secure.gravatar.com\\\/avatar\\\/00912809148f16e9409e01e3c7bbb4ac6184e55389ab111ada94644afa9f7ebb?s=96&d=mm&r=g\",\"width\":96,\"height\":96,\"caption\":\"ARBA Vega Baja\"}},{\"@type\":\"WebPage\",\"@id\":\"https:\\\/\\\/arbavegabaja.com\\\/en\\\/unete-a-arba-vega-baja-juntos-recuperamos-la-vida-del-sur-de-alicante\\\/#webpage\",\"url\":\"https:\\\/\\\/arbavegabaja.com\\\/en\\\/unete-a-arba-vega-baja-juntos-recuperamos-la-vida-del-sur-de-alicante\\\/\",\"name\":\"\\u00danete a ARBA Vega Baja: \\u00a1juntos recuperamos la vida del sur de Alicante!\",\"description\":\"La recuperaci\\u00f3n de una vegetaci\\u00f3n aut\\u00f3ctona sana es la base para una Vega Baja fuerte y resiliente. \\u00a1Conoce nuestro trabajo y \\u00fanete al movimiento!\",\"inLanguage\":\"en-GB\",\"isPartOf\":{\"@id\":\"https:\\\/\\\/arbavegabaja.com\\\/en\\\/#website\"},\"breadcrumb\":{\"@id\":\"https:\\\/\\\/arbavegabaja.com\\\/en\\\/unete-a-arba-vega-baja-juntos-recuperamos-la-vida-del-sur-de-alicante\\\/#breadcrumblist\"},\"author\":{\"@id\":\"https:\\\/\\\/arbavegabaja.com\\\/en\\\/author\\\/oliviergil80gmail-com\\\/#author\"},\"creator\":{\"@id\":\"https:\\\/\\\/arbavegabaja.com\\\/en\\\/author\\\/oliviergil80gmail-com\\\/#author\"},\"image\":{\"@type\":\"ImageObject\",\"url\":\"https:\\\/\\\/arbavegabaja.com\\\/wp-content\\\/uploads\\\/2026\\\/08\\\/Unete-portada-16-9-compressed.jpg\",\"@id\":\"https:\\\/\\\/arbavegabaja.com\\\/en\\\/unete-a-arba-vega-baja-juntos-recuperamos-la-vida-del-sur-de-alicante\\\/#mainImage\",\"width\":1200,\"height\":800},\"primaryImageOfPage\":{\"@id\":\"https:\\\/\\\/arbavegabaja.com\\\/en\\\/unete-a-arba-vega-baja-juntos-recuperamos-la-vida-del-sur-de-alicante\\\/#mainImage\"},\"datePublished\":\"2026-08-19T21:27:27+00:00\",\"dateModified\":\"2026-09-02T08:11:46+00:00\"},{\"@type\":\"WebSite\",\"@id\":\"https:\\\/\\\/arbavegabaja.com\\\/en\\\/#website\",\"url\":\"https:\\\/\\\/arbavegabaja.com\\\/en\\\/\",\"name\":\"arbavegabaja.com\",\"description\":\"Web de ARBA Vega Baja, asociaci\\u00f3n local para la recuperaci\\u00f3n de la vegetaci\\u00f3n aut\\u00f3ctona\",\"inLanguage\":\"en-GB\",\"publisher\":{\"@id\":\"https:\\\/\\\/arbavegabaja.com\\\/en\\\/#organization\"}}]}\n\t\t<\/script>\n\t\t<!-- All in One SEO -->\n\n","aioseo_head_json":{"title":"Join ARBA Vega Baja: let's recover life in southern Alicante!","description":"Recovering a healthy native vegetation is basic for a strong and resilient Vega Baja. Find out about our work and join the movement!","canonical_url":"https:\/\/arbavegabaja.com\/en\/unete-a-arba-vega-baja-juntos-recuperamos-la-vida-del-sur-de-alicante\/","robots":"max-image-preview:large","keywords":"","webmasterTools":{"miscellaneous":""},"schema":{"@context":"https:\/\/schema.org","@graph":[{"@type":"BlogPosting","@id":"https:\/\/arbavegabaja.com\/en\/unete-a-arba-vega-baja-juntos-recuperamos-la-vida-del-sur-de-alicante\/#blogposting","name":"\u00danete a ARBA Vega Baja: \u00a1juntos recuperamos la vida del sur de Alicante!","headline":"\u00danete a ARBA Vega Baja: \u00a1juntos recuperamos la vida del sur de Alicante!","author":{"@id":"https:\/\/arbavegabaja.com\/en\/author\/oliviergil80gmail-com\/#author"},"publisher":{"@id":"https:\/\/arbavegabaja.com\/en\/#organization"},"image":{"@type":"ImageObject","url":"https:\/\/arbavegabaja.com\/wp-content\/uploads\/2026\/08\/Unete-portada-16-9-compressed.jpg","width":1200,"height":800},"datePublished":"2026-08-19T21:27:27+00:00","dateModified":"2026-09-02T08:11:46+00:00","inLanguage":"en-GB","mainEntityOfPage":{"@id":"https:\/\/arbavegabaja.com\/en\/unete-a-arba-vega-baja-juntos-recuperamos-la-vida-del-sur-de-alicante\/#webpage"},"isPartOf":{"@id":"https:\/\/arbavegabaja.com\/en\/unete-a-arba-vega-baja-juntos-recuperamos-la-vida-del-sur-de-alicante\/#webpage"},"articleSection":"Noticias"},{"@type":"BreadcrumbList","@id":"https:\/\/arbavegabaja.com\/en\/unete-a-arba-vega-baja-juntos-recuperamos-la-vida-del-sur-de-alicante\/#breadcrumblist","itemListElement":[{"@type":"ListItem","@id":"https:\/\/arbavegabaja.com\/en#listItem","position":1,"name":"Home","item":"https:\/\/arbavegabaja.com\/en","nextItem":{"@type":"ListItem","@id":"https:\/\/arbavegabaja.com\/en\/category\/noticias\/#listItem","name":"Noticias"}},{"@type":"ListItem","@id":"https:\/\/arbavegabaja.com\/en\/category\/noticias\/#listItem","position":2,"name":"Noticias","item":"https:\/\/arbavegabaja.com\/en\/category\/noticias\/","nextItem":{"@type":"ListItem","@id":"https:\/\/arbavegabaja.com\/en\/unete-a-arba-vega-baja-juntos-recuperamos-la-vida-del-sur-de-alicante\/#listItem","name":"\u00danete a ARBA Vega Baja: \u00a1juntos recuperamos la vida del sur de Alicante!"},"previousItem":{"@type":"ListItem","@id":"https:\/\/arbavegabaja.com\/en#listItem","name":"Home"}},{"@type":"ListItem","@id":"https:\/\/arbavegabaja.com\/en\/unete-a-arba-vega-baja-juntos-recuperamos-la-vida-del-sur-de-alicante\/#listItem","position":3,"name":"\u00danete a ARBA Vega Baja: \u00a1juntos recuperamos la vida del sur de Alicante!","previousItem":{"@type":"ListItem","@id":"https:\/\/arbavegabaja.com\/en\/category\/noticias\/#listItem","name":"Noticias"}}]},{"@type":"Organization","@id":"https:\/\/arbavegabaja.com\/en\/#organization","name":"arbavegabaja.com","description":"Web de ARBA Vega Baja, asociaci\u00f3n local para la recuperaci\u00f3n de la vegetaci\u00f3n aut\u00f3ctona","url":"https:\/\/arbavegabaja.com\/en\/","logo":{"@type":"ImageObject","url":"https:\/\/arbavegabaja.com\/wp-content\/uploads\/2026\/01\/Logo-BN-sin-fondo-1.png","@id":"https:\/\/arbavegabaja.com\/en\/unete-a-arba-vega-baja-juntos-recuperamos-la-vida-del-sur-de-alicante\/#organizationLogo","width":1155,"height":843,"caption":"logo bn sin fondo"},"image":{"@id":"https:\/\/arbavegabaja.com\/en\/unete-a-arba-vega-baja-juntos-recuperamos-la-vida-del-sur-de-alicante\/#organizationLogo"}},{"@type":"Person","@id":"https:\/\/arbavegabaja.com\/en\/author\/oliviergil80gmail-com\/#author","url":"https:\/\/arbavegabaja.com\/en\/author\/oliviergil80gmail-com\/","name":"ARBA Vega Baja","image":{"@type":"ImageObject","@id":"https:\/\/arbavegabaja.com\/en\/unete-a-arba-vega-baja-juntos-recuperamos-la-vida-del-sur-de-alicante\/#authorImage","url":"https:\/\/secure.gravatar.com\/avatar\/00912809148f16e9409e01e3c7bbb4ac6184e55389ab111ada94644afa9f7ebb?s=96&d=mm&r=g","width":96,"height":96,"caption":"ARBA Vega Baja"}},{"@type":"WebPage","@id":"https:\/\/arbavegabaja.com\/en\/unete-a-arba-vega-baja-juntos-recuperamos-la-vida-del-sur-de-alicante\/#webpage","url":"https:\/\/arbavegabaja.com\/en\/unete-a-arba-vega-baja-juntos-recuperamos-la-vida-del-sur-de-alicante\/","name":"\u00danete a ARBA Vega Baja: \u00a1juntos recuperamos la vida del sur de Alicante!","description":"La recuperaci\u00f3n de una vegetaci\u00f3n aut\u00f3ctona sana es la base para una Vega Baja fuerte y resiliente. \u00a1Conoce nuestro trabajo y \u00fanete al movimiento!","inLanguage":"en-GB","isPartOf":{"@id":"https:\/\/arbavegabaja.com\/en\/#website"},"breadcrumb":{"@id":"https:\/\/arbavegabaja.com\/en\/unete-a-arba-vega-baja-juntos-recuperamos-la-vida-del-sur-de-alicante\/#breadcrumblist"},"author":{"@id":"https:\/\/arbavegabaja.com\/en\/author\/oliviergil80gmail-com\/#author"},"creator":{"@id":"https:\/\/arbavegabaja.com\/en\/author\/oliviergil80gmail-com\/#author"},"image":{"@type":"ImageObject","url":"https:\/\/arbavegabaja.com\/wp-content\/uploads\/2026\/08\/Unete-portada-16-9-compressed.jpg","@id":"https:\/\/arbavegabaja.com\/en\/unete-a-arba-vega-baja-juntos-recuperamos-la-vida-del-sur-de-alicante\/#mainImage","width":1200,"height":800},"primaryImageOfPage":{"@id":"https:\/\/arbavegabaja.com\/en\/unete-a-arba-vega-baja-juntos-recuperamos-la-vida-del-sur-de-alicante\/#mainImage"},"datePublished":"2026-08-19T21:27:27+00:00","dateModified":"2026-09-02T08:11:46+00:00"},{"@type":"WebSite","@id":"https:\/\/arbavegabaja.com\/en\/#website","url":"https:\/\/arbavegabaja.com\/en\/","name":"arbavegabaja.com","description":"Web de ARBA Vega Baja, asociaci\u00f3n local para la recuperaci\u00f3n de la vegetaci\u00f3n aut\u00f3ctona","inLanguage":"en-GB","publisher":{"@id":"https:\/\/arbavegabaja.com\/en\/#organization"}}]},"og:locale":"en_GB","og:site_name":"arbavegabaja.com - Web de ARBA Vega Baja, asociaci\u00f3n local para la recuperaci\u00f3n de la vegetaci\u00f3n aut\u00f3ctona","og:type":"article","og:title":"\u00danete a ARBA Vega Baja: \u00a1juntos recuperamos la vida del sur de Alicante!","og:description":"La recuperaci\u00f3n de una vegetaci\u00f3n aut\u00f3ctona sana es la base para una Vega Baja fuerte y resiliente. \u00a1Conoce nuestro trabajo y \u00fanete al movimiento!","og:url":"https:\/\/arbavegabaja.com\/en\/unete-a-arba-vega-baja-juntos-recuperamos-la-vida-del-sur-de-alicante\/","og:image":"https:\/\/arbavegabaja.com\/wp-content\/uploads\/2026\/08\/Unete-portada-16-9-compressed.jpg","og:image:secure_url":"https:\/\/arbavegabaja.com\/wp-content\/uploads\/2026\/08\/Unete-portada-16-9-compressed.jpg","og:image:width":"1200","og:image:height":"800","article:published_time":"2026-08-19T21:27:27+00:00","article:modified_time":"2026-09-02T08:11:46+00:00","twitter:card":"summary_large_image","twitter:title":"\u00danete a ARBA Vega Baja: \u00a1juntos recuperamos la vida del sur de Alicante!","twitter:description":"La recuperaci\u00f3n de una vegetaci\u00f3n aut\u00f3ctona sana es la base para una Vega Baja fuerte y resiliente. \u00a1Conoce nuestro trabajo y \u00fanete al movimiento!","twitter:image":"https:\/\/arbavegabaja.com\/wp-content\/uploads\/2026\/08\/Unete-portada-16-9-compressed.jpg"},"aioseo_meta_data":{"post_id":"3513","title":"#post_title","description":"Recovering a healthy native vegetation is basic for a strong and resilient Vega Baja. Find out about our work and join the movement!","keywords":null,"keyphrases":{"focus":{"keyphrase":"asociaci\u00f3n reforestaci\u00f3n Vega Baja","score":0,"analysis":[]},"additional":[]},"primary_term":null,"canonical_url":null,"og_title":"#post_title","og_description":"La recuperaci\u00f3n de una vegetaci\u00f3n aut\u00f3ctona sana es la base para una Vega Baja fuerte y resiliente. \u00a1Conoce nuestro trabajo y \u00fanete al movimiento!","og_object_type":"default","og_image_type":"featured","og_image_url":"https:\/\/arbavegabaja.com\/wp-content\/uploads\/2026\/08\/Unete-portada-16-9-compressed.jpg","og_image_width":"1200","og_image_height":"800","og_image_custom_url":null,"og_image_custom_fields":null,"og_video":"","og_custom_url":null,"og_article_section":null,"og_article_tags":null,"twitter_use_og":false,"twitter_card":"default","twitter_image_type":"default","twitter_image_url":null,"twitter_image_custom_url":null,"twitter_image_custom_fields":null,"twitter_title":null,"twitter_description":null,"schema":{"blockGraphs":[],"customGraphs":[],"default":{"data":{"Article":[],"Course":[],"Dataset":[],"FAQPage":[],"Movie":[],"Person":[],"Product":[],"ProductReview":[],"Car":[],"Recipe":[],"Service":[],"SoftwareApplication":[],"WebPage":[]},"graphName":"BlogPosting","isEnabled":true},"graphs":[]},"schema_type":"default","schema_type_options":null,"pillar_content":false,"robots_default":true,"robots_noindex":false,"robots_noarchive":false,"robots_nosnippet":false,"robots_nofollow":false,"robots_noimageindex":false,"robots_noodp":false,"robots_notranslate":false,"robots_max_snippet":"-1","robots_max_videopreview":"-1","robots_max_imagepreview":"large","priority":null,"frequency":"default","local_seo":null,"breadcrumb_settings":null,"limit_modified_date":false,"ai":{"faqs":[],"keyPoints":[],"schemas":[],"titles":[],"descriptions":[],"socialPosts":{"email":{"subject":"","preview":"","content":""},"linkedin":[],"twitter":[],"facebook":[],"instagram":[]}},"created":"2026-08-19 21:22:48","updated":"2026-09-02 10:01:42","seo_analyzer_scan_date":null,"focus_keyword":"asociaci\u00f3n reforestaci\u00f3n Vega Baja","additional_keywords":null,"truseo_locale":null},"aioseo_breadcrumb":"<div class=\"aioseo-breadcrumbs\"><span class=\"aioseo-breadcrumb\">\n\t\t\t<a href=\"https:\/\/arbavegabaja.com\/en\" title=\"Home\">Home<\/a>\n\t\t<\/span><span class=\"aioseo-breadcrumb-separator\">&raquo;<\/span><span class=\"aioseo-breadcrumb\">\n\t\t\t<a href=\"https:\/\/arbavegabaja.com\/en\/category\/noticias\/\" title=\"Noticias\">Noticias<\/a>\n\t\t<\/span><span class=\"aioseo-breadcrumb-separator\">&raquo;<\/span><span class=\"aioseo-breadcrumb\">\n\t\t\t\u00danete a ARBA Vega Baja: \u00a1juntos recuperamos la vida del sur de Alicante!\n\t\t<\/span><\/div>","aioseo_breadcrumb_json":[{"label":"Home","link":"https:\/\/arbavegabaja.com\/en"},{"label":"Noticias","link":"https:\/\/arbavegabaja.com\/en\/category\/noticias\/"},{"label":"\u00danete a ARBA Vega Baja: \u00a1juntos recuperamos la vida del sur de Alicante!","link":"https:\/\/arbavegabaja.com\/en\/unete-a-arba-vega-baja-juntos-recuperamos-la-vida-del-sur-de-alicante\/"}],"uagb_featured_image_src":{"full":["https:\/\/arbavegabaja.com\/wp-content\/uploads\/2026\/08\/Unete-portada-16-9-compressed.jpg",1200,800,false],"thumbnail":["https:\/\/arbavegabaja.com\/wp-content\/uploads\/2026\/08\/Unete-portada-16-9-compressed-150x150.jpg",150,150,true],"medium":["https:\/\/arbavegabaja.com\/wp-content\/uploads\/2026\/08\/Unete-portada-16-9-compressed-300x200.jpg",300,200,true],"medium_large":["https:\/\/arbavegabaja.com\/wp-content\/uploads\/2026\/08\/Unete-portada-16-9-compressed-768x512.jpg",768,512,true],"large":["https:\/\/arbavegabaja.com\/wp-content\/uploads\/2026\/08\/Unete-portada-16-9-compressed-1024x683.jpg",1024,683,true],"1536x1536":["https:\/\/arbavegabaja.com\/wp-content\/uploads\/2026\/08\/Unete-portada-16-9-compressed.jpg",1200,800,false],"2048x2048":["https:\/\/arbavegabaja.com\/wp-content\/uploads\/2026\/08\/Unete-portada-16-9-compressed.jpg",1200,800,false],"trp-custom-language-flag":["https:\/\/arbavegabaja.com\/wp-content\/uploads\/2026\/08\/Unete-portada-16-9-compressed-18x12.jpg",18,12,true],"woocommerce_thumbnail":["https:\/\/arbavegabaja.com\/wp-content\/uploads\/2026\/08\/Unete-portada-16-9-compressed-300x300.jpg",300,300,true],"woocommerce_single":["https:\/\/arbavegabaja.com\/wp-content\/uploads\/2026\/08\/Unete-portada-16-9-compressed-600x400.jpg",600,400,true],"woocommerce_gallery_thumbnail":["https:\/\/arbavegabaja.com\/wp-content\/uploads\/2026\/08\/Unete-portada-16-9-compressed-100x100.jpg",100,100,true]},"uagb_author_info":{"display_name":"ARBA Vega Baja","author_link":"https:\/\/arbavegabaja.com\/en\/author\/oliviergil80gmail-com\/"},"uagb_comment_info":0,"uagb_excerpt":"\u00danete a ARBA Vega Baja: \u00a1juntos recuperamos la vida del sur de Alicante! El sur de Alicante, con su paisaje [&hellip;]","_links":{"self":[{"href":"https:\/\/arbavegabaja.com\/en\/wp-json\/wp\/v2\/posts\/3513","targetHints":{"allow":["GET"]}}],"collection":[{"href":"https:\/\/arbavegabaja.com\/en\/wp-json\/wp\/v2\/posts"}],"about":[{"href":"https:\/\/arbavegabaja.com\/en\/wp-json\/wp\/v2\/types\/post"}],"author":[{"embeddable":true,"href":"https:\/\/arbavegabaja.com\/en\/wp-json\/wp\/v2\/users\/1"}],"replies":[{"embeddable":true,"href":"https:\/\/arbavegabaja.com\/en\/wp-json\/wp\/v2\/comments?post=3513"}],"version-history":[{"count":12,"href":"https:\/\/arbavegabaja.com\/en\/wp-json\/wp\/v2\/posts\/3513\/revisions"}],"predecessor-version":[{"id":3965,"href":"https:\/\/arbavegabaja.com\/en\/wp-json\/wp\/v2\/posts\/3513\/revisions\/3965"}],"wp:featuredmedia":[{"embeddable":true,"href":"https:\/\/arbavegabaja.com\/en\/wp-json\/wp\/v2\/media\/3516"}],"wp:attachment":[{"href":"https:\/\/arbavegabaja.com\/en\/wp-json\/wp\/v2\/media?parent=3513"}],"wp:term":[{"taxonomy":"category","embeddable":true,"href":"https:\/\/arbavegabaja.com\/en\/wp-json\/wp\/v2\/categories?post=3513"},{"taxonomy":"post_tag","embeddable":true,"href":"https:\/\/arbavegabaja.com\/en\/wp-json\/wp\/v2\/tags?post=3513"}],"curies":[{"name":"wp","href":"https:\/\/api.w.org\/{rel}","templated":true}]}}